{"id":63520,"date":"2025-11-30T20:47:14","date_gmt":"2025-11-30T20:47:14","guid":{"rendered":"https:\/\/lestracesdelinfo.com\/?p=63520"},"modified":"2025-11-30T20:47:18","modified_gmt":"2025-11-30T20:47:18","slug":"passif-humanitaire-ould-vaida-sort-de-son-silence-et-rejette-les-accusations","status":"publish","type":"post","link":"https:\/\/lestracesdelinfo.com\/index.php\/2025\/11\/30\/passif-humanitaire-ould-vaida-sort-de-son-silence-et-rejette-les-accusations\/","title":{"rendered":"Passif humanitaire : Ould Vaida sort de son silence et rejette les accusations"},"content":{"rendered":"\n<p><img loading=\"lazy\" decoding=\"async\" src=\"https:\/\/cridem.org\/media\/photos\/photo\/colonel_vaida_1764471199247.png\" alt=\"Passif humanitaire : Ould Vaida sort de son silence et rejette les accusations\" width=\"300\" height=\"200\"><\/p>\n\n\n\n<p><strong>LE CALAME &#8211;<\/strong> Un ancien officier sup\u00e9rieur, cit\u00e9 depuis des ann\u00e9es parmi les responsables pr\u00e9sum\u00e9s des exactions commises lors des \u00e9v\u00e9nements de 1990-1991, a r\u00e9cemment rompu le silence.<br><br>Dans une intervention diffus\u00e9e sur les r\u00e9seaux sociaux, la veille de la c\u00e9l\u00e9bration de de la f\u00eate de l&rsquo;ind\u00e9pendance, le lieutenant-colonel \u00e0 la retraite Sidi Mohamed Ould Va\u00efda, ancien commandant du corps des fusiliers marins d\u00e9ploy\u00e9s dans la vall\u00e9e durant cette p\u00e9riode, a cat\u00e9goriquement rejet\u00e9 les accusations port\u00e9es contre lui.<br><br>L\u2019ex-officier, dont le nom revient r\u00e9guli\u00e8rement dans les t\u00e9moignages de survivants et d\u2019anciens d\u00e9tenus, affirme n\u2019avoir \u00ab jamais fait de mal \u00e0 une mouche \u00bb et se dit injustement vis\u00e9. Il reconna\u00eet n\u00e9anmoins que des violations graves ont \u00e9t\u00e9 commises \u00e0 l\u2019\u00e9poque, tout en appelant \u00e0 ne pas l\u2019associer, selon lui \u00e0 tort, aux exactions rapport\u00e9es.<br><br>Ould Va\u00efda invite par ailleurs le pr\u00e9sident Mohamed Ould Cheikh El Ghazouani \u00e0 \u00ab ouvrir le dossier du passif humanitaire \u00bb et \u00e0 faire toute la lumi\u00e8re sur les faits afin de permettre, dit-il, \u00ab au pays d\u2019avancer \u00bb.<br><br>Une d\u00e9marche qu\u2019il pr\u00e9sente comme un appel \u00e0 la v\u00e9rit\u00e9 et \u00e0 la clarification, alors que plusieurs victimes l\u2019identifient comme l\u2019un des officiers ayant jou\u00e9 un r\u00f4le central dans la r\u00e9pression dans certaines localit\u00e9s de la vall\u00e9e, notamment Azlat et Jre\u00efda.<br><br>Cette sortie m\u00e9diatique ravive un d\u00e9bat rest\u00e9 sensible, plus de trois d\u00e9cennies apr\u00e8s les \u00e9v\u00e9nements, et intervient au moment o\u00f9 plusieurs organisations de d\u00e9fense des droits humains r\u00e9it\u00e8rent leur demande d\u2019une reconnaissance officielle et d\u2019un r\u00e8glement global du passif humanitaire.<br><br><br><br><br><\/p>\n\n\n\n<p><strong>Les articles, commentaires et propos sont la propri\u00e9t\u00e9 de leur(s) auteur(s) et n&rsquo;engagent que leur avis, opinion et responsabilit\u00e9<\/strong><\/p>\n\n\n\n<p>Source :&nbsp;<strong><a href=\"https:\/\/lecalame.info\/?q=node\/17920\" target=\"_blank\" rel=\"noreferrer noopener\">Le Calame &#8211; Mauritanie<\/a><\/strong><\/p>\n","protected":false},"excerpt":{"rendered":"<p>LE CALAME &#8211; Un ancien officier sup\u00e9rieur, cit\u00e9 depuis des ann\u00e9es parmi les responsables pr\u00e9sum\u00e9s des exactions commises lors des \u00e9v\u00e9nements de 1990-1991, a r\u00e9cemment rompu le silence. Dans une intervention diffus\u00e9e sur les r\u00e9seaux sociaux, la veille de la c\u00e9l\u00e9bration de de la f\u00eate de l&rsquo;ind\u00e9pendance, le lieutenant-colonel \u00e0 la retraite Sidi Mohamed Ould [&hellip;]<\/p>\n","protected":false},"author":2,"featured_media":63521,"comment_status":"open","ping_status":"open","sticky":false,"template":"","format":"standard","meta":{"footnotes":""},"categories":[1449],"tags":[],"class_list":["post-63520","post","type-post","status-publish","format-standard","has-post-thumbnail","hentry","category-national"],"_links":{"self":[{"href":"https:\/\/lestracesdelinfo.com\/index.php\/wp-json\/wp\/v2\/posts\/63520","targetHints":{"allow":["GET"]}}],"collection":[{"href":"https:\/\/lestracesdelinfo.com\/index.php\/wp-json\/wp\/v2\/posts"}],"about":[{"href":"https:\/\/lestracesdelinfo.com\/index.php\/wp-json\/wp\/v2\/types\/post"}],"author":[{"embeddable":true,"href":"https:\/\/lestracesdelinfo.com\/index.php\/wp-json\/wp\/v2\/users\/2"}],"replies":[{"embeddable":true,"href":"https:\/\/lestracesdelinfo.com\/index.php\/wp-json\/wp\/v2\/comments?post=63520"}],"version-history":[{"count":1,"href":"https:\/\/lestracesdelinfo.com\/index.php\/wp-json\/wp\/v2\/posts\/63520\/revisions"}],"predecessor-version":[{"id":63522,"href":"https:\/\/lestracesdelinfo.com\/index.php\/wp-json\/wp\/v2\/posts\/63520\/revisions\/63522"}],"wp:featuredmedia":[{"embeddable":true,"href":"https:\/\/lestracesdelinfo.com\/index.php\/wp-json\/wp\/v2\/media\/63521"}],"wp:attachment":[{"href":"https:\/\/lestracesdelinfo.com\/index.php\/wp-json\/wp\/v2\/media?parent=63520"}],"wp:term":[{"taxonomy":"category","embeddable":true,"href":"https:\/\/lestracesdelinfo.com\/index.php\/wp-json\/wp\/v2\/categories?post=63520"},{"taxonomy":"post_tag","embeddable":true,"href":"https:\/\/lestracesdelinfo.com\/index.php\/wp-json\/wp\/v2\/tags?post=63520"}],"curies":[{"name":"wp","href":"https:\/\/api.w.org\/{rel}","templated":true}]}}