{"id":63529,"date":"2025-11-30T20:58:01","date_gmt":"2025-11-30T20:58:01","guid":{"rendered":"https:\/\/lestracesdelinfo.com\/?p=63529"},"modified":"2025-11-30T20:58:49","modified_gmt":"2025-11-30T20:58:49","slug":"ghazouani-se-dit-surpris-par-ce-quil-a-appele-la-tentative-de-monnayer-la-participation-a-un-dialogue-politique-sans-concession","status":"publish","type":"post","link":"https:\/\/lestracesdelinfo.com\/index.php\/2025\/11\/30\/ghazouani-se-dit-surpris-par-ce-quil-a-appele-la-tentative-de-monnayer-la-participation-a-un-dialogue-politique-sans-concession\/","title":{"rendered":"Ghazouani se dit surpris par ce qu&rsquo;il a appel\u00e9 la tentative de monnayer la participation \u00e0 un dialogue politique sans concession"},"content":{"rendered":"\n<p><img loading=\"lazy\" decoding=\"async\" src=\"https:\/\/cridem.org\/media\/photos\/photo\/moussa_fall_ghazouani_594811078102.jpg\" alt=\"Ghazouani se dit surpris par ce qu'il a appel\u00e9 la tentative de monnayer la participation \u00e0 un dialogue politique sans concession\" width=\"300\" height=\"200\"><\/p>\n\n\n\n<p><strong>Rimnow<\/strong>&nbsp;&#8212; Conscient de l\u2019importance du dialogue dans la gouvernance et la gestion des affaires publiques, et du fait qu\u2019il s\u2019agit d\u2019une demande constamment renouvel\u00e9e de la part de la classe politique en g\u00e9n\u00e9ral, j\u2019ai inclus dans mon programme \u201cMon ambition pour la patrie\u201d la promesse d\u2019organiser un dialogue inclusif qui n\u2019exclurait personne ni aucun sujet.<br><br>Ces d\u00e9clarations ont \u00e9t\u00e9 faites aujourd\u2019hui jeudi 27 novembre courant par le Pr\u00e9sident mauritanien Mohamed Ould Cheikh El Ghazouani.<br><br>J\u2019ai r\u00e9cemment appel\u00e9 \u00e0 ce dialogue, car j\u2019ai estim\u00e9 que le moment \u00e9tait opportun : nous ne sommes pas dans une p\u00e9riode de tiraillements politiques que les \u00e9ch\u00e9ances \u00e9lectorales provoquent souvent, et notre pays ne traverse pas une crise politique ou \u00e9conomique oppressante dont on pourrait penser que nous cherchons \u00e0 \u00e9viter certaines de ses r\u00e9percussions politiques ou sociales, a-t-il ajout\u00e9.<br><br>Il n\u2019y a donc, en principe, rien qui puisse entraver la tenue de ce dialogue ou en troubler la s\u00e9r\u00e9nit\u00e9 ; et il est tr\u00e8s surprenant de constater, ici et l\u00e0, une tentative de monnayer la participation \u00e0 celui-ci, alors qu\u2019il s\u2019agit d\u2019une demande g\u00e9n\u00e9rale et d\u2019un pilier essentiel de toute tentative s\u00e9rieuse de construire un consensus national pour faire face aux principaux d\u00e9fis auxquels notre pays est confront\u00e9, a poursuit Ghazouani.<br><br>Quelles que soient les motivations de cette d\u00e9marche, nous poursuivons, pour notre part, ce que nous nous sommes engag\u00e9s \u00e0 faire, a dit le Pr\u00e9sident.<br><br>Et de dire : comme je l\u2019ai d\u00e9j\u00e0 annonc\u00e9 \u2013 et je le r\u00e9it\u00e8re aujourd\u2019hui \u2013 je veux un dialogue s\u00e9rieux, global et franc, affirmant qu\u2019il ne m\u00e9nagera aucun effort pour que ses conditions soient favorables et ses r\u00e9sultats exceptionnels, garantis d\u2019\u00eatre mis en \u0153uvre.<br><br>Toujours selon lui, ils ont nomm\u00e9 dans ce cadre un coordinateur \u00e0 qui ils ont confi\u00e9 la t\u00e2che de communiquer avec toutes les parties pour \u00e9laborer une feuille de route participative pour ce dialogue pr\u00e9vu.<br><br>Il nous a r\u00e9cemment remis son rapport final sur la phase pr\u00e9paratoire, lequel sera pr\u00e9sent\u00e9 dans les prochains jours \u00e0 toutes les parties prenantes afin qu\u2019elles puissent sugg\u00e9rer les ajouts, suppressions ou reformulations qu\u2019elles jugent appropri\u00e9s, a conclu Ghazouani.<\/p>\n","protected":false},"excerpt":{"rendered":"<p>Rimnow&nbsp;&#8212; Conscient de l\u2019importance du dialogue dans la gouvernance et la gestion des affaires publiques, et du fait qu\u2019il s\u2019agit d\u2019une demande constamment renouvel\u00e9e de la part de la classe politique en g\u00e9n\u00e9ral, j\u2019ai inclus dans mon programme \u201cMon ambition pour la patrie\u201d la promesse d\u2019organiser un dialogue inclusif qui n\u2019exclurait personne ni aucun sujet. [&hellip;]<\/p>\n","protected":false},"author":2,"featured_media":63530,"comment_status":"open","ping_status":"open","sticky":false,"template":"","format":"standard","meta":{"footnotes":""},"categories":[1449],"tags":[],"class_list":["post-63529","post","type-post","status-publish","format-standard","has-post-thumbnail","hentry","category-national"],"_links":{"self":[{"href":"https:\/\/lestracesdelinfo.com\/index.php\/wp-json\/wp\/v2\/posts\/63529","targetHints":{"allow":["GET"]}}],"collection":[{"href":"https:\/\/lestracesdelinfo.com\/index.php\/wp-json\/wp\/v2\/posts"}],"about":[{"href":"https:\/\/lestracesdelinfo.com\/index.php\/wp-json\/wp\/v2\/types\/post"}],"author":[{"embeddable":true,"href":"https:\/\/lestracesdelinfo.com\/index.php\/wp-json\/wp\/v2\/users\/2"}],"replies":[{"embeddable":true,"href":"https:\/\/lestracesdelinfo.com\/index.php\/wp-json\/wp\/v2\/comments?post=63529"}],"version-history":[{"count":1,"href":"https:\/\/lestracesdelinfo.com\/index.php\/wp-json\/wp\/v2\/posts\/63529\/revisions"}],"predecessor-version":[{"id":63531,"href":"https:\/\/lestracesdelinfo.com\/index.php\/wp-json\/wp\/v2\/posts\/63529\/revisions\/63531"}],"wp:featuredmedia":[{"embeddable":true,"href":"https:\/\/lestracesdelinfo.com\/index.php\/wp-json\/wp\/v2\/media\/63530"}],"wp:attachment":[{"href":"https:\/\/lestracesdelinfo.com\/index.php\/wp-json\/wp\/v2\/media?parent=63529"}],"wp:term":[{"taxonomy":"category","embeddable":true,"href":"https:\/\/lestracesdelinfo.com\/index.php\/wp-json\/wp\/v2\/categories?post=63529"},{"taxonomy":"post_tag","embeddable":true,"href":"https:\/\/lestracesdelinfo.com\/index.php\/wp-json\/wp\/v2\/tags?post=63529"}],"curies":[{"name":"wp","href":"https:\/\/api.w.org\/{rel}","templated":true}]}}