{"id":63534,"date":"2025-12-03T07:45:05","date_gmt":"2025-12-03T07:45:05","guid":{"rendered":"https:\/\/lestracesdelinfo.com\/?p=63534"},"modified":"2025-12-03T07:46:11","modified_gmt":"2025-12-03T07:46:11","slug":"mauritanie-liberation-de-la-militante-dieynaba-ndiom-apres-quatre-jours-de-detention","status":"publish","type":"post","link":"https:\/\/lestracesdelinfo.com\/index.php\/2025\/12\/03\/mauritanie-liberation-de-la-militante-dieynaba-ndiom-apres-quatre-jours-de-detention\/","title":{"rendered":"&#8211;\u00a0Mauritanie : lib\u00e9ration de la militante Dieynaba Ndiom, apr\u00e8s quatre jours de d\u00e9tention"},"content":{"rendered":"\n<p><img loading=\"lazy\" decoding=\"async\" src=\"https:\/\/cridem.org\/media\/photos\/photo\/dieynaba_ndiom_1528364655.jpg\" alt=\"Mauritanie : lib\u00e9ration de la militante Dieynaba Ndiom, apr\u00e8s quatre jours de d\u00e9tention \" width=\"300\" height=\"200\"><\/p>\n\n\n\n<p>EN BREF | #Cridem \u2013 La sociologue mauritanienne Dieynaba Ndiom, c\u00e9l\u00e8bre figure du militantisme des droits de la femme, a \u00e9t\u00e9 lib\u00e9r\u00e9e, mardi 2 d\u00e9cembre dans l\u2019apr\u00e8s-midi, apr\u00e8s plusieurs jours de d\u00e9tention dans un commissariat de la capitale mauritanienne.<br><br>Arr\u00eat\u00e9e le 28 novembre dernier, \u00e0 Nouakchott, dans le cadre d\u2019une manifestation r\u00e9clamant la justice pour les 28 soldats noirs tu\u00e9s dans la nuit du 27 au 28 novembre 1990, Dieynaba Ndiom a \u00e9t\u00e9 pr\u00e9sent\u00e9e, ce mardi, devant le Tribunal de Nouakchott, avec quatre autres d\u00e9tenus arr\u00eat\u00e9s, \u00e9galement, dans les m\u00eames circonstances qu\u2019elle.<br><br>Membre du R\u00e9seau des f\u00e9ministes d&rsquo;Afrique de l&rsquo;Ouest, Dieynaba Ndiom est aussi membre du parti politique, les Forces du Progr\u00e8s et du Changement (FPC).<br><br>Dimanche dernier, lors d\u2019une conf\u00e9rence de presse, interrompue par la police, alors qu&rsquo;elle se tenait dans une maison, le Collectif des Veuves et de Alliance des Orphelins des Victimes Civiles et Militaires de Mauritanie avait publi\u00e9 une liste de 13 personnes, dont Dieynaba Ndiom, d\u00e9tenues dans diff\u00e9rents commissariats de Nouakchott.<br><br><strong>Par CRIDEM<\/strong><\/p>\n","protected":false},"excerpt":{"rendered":"<p>EN BREF | #Cridem \u2013 La sociologue mauritanienne Dieynaba Ndiom, c\u00e9l\u00e8bre figure du militantisme des droits de la femme, a \u00e9t\u00e9 lib\u00e9r\u00e9e, mardi 2 d\u00e9cembre dans l\u2019apr\u00e8s-midi, apr\u00e8s plusieurs jours de d\u00e9tention dans un commissariat de la capitale mauritanienne. Arr\u00eat\u00e9e le 28 novembre dernier, \u00e0 Nouakchott, dans le cadre d\u2019une manifestation r\u00e9clamant la justice pour [&hellip;]<\/p>\n","protected":false},"author":2,"featured_media":63535,"comment_status":"open","ping_status":"open","sticky":false,"template":"","format":"standard","meta":{"footnotes":""},"categories":[1449],"tags":[],"class_list":["post-63534","post","type-post","status-publish","format-standard","has-post-thumbnail","hentry","category-national"],"_links":{"self":[{"href":"https:\/\/lestracesdelinfo.com\/index.php\/wp-json\/wp\/v2\/posts\/63534","targetHints":{"allow":["GET"]}}],"collection":[{"href":"https:\/\/lestracesdelinfo.com\/index.php\/wp-json\/wp\/v2\/posts"}],"about":[{"href":"https:\/\/lestracesdelinfo.com\/index.php\/wp-json\/wp\/v2\/types\/post"}],"author":[{"embeddable":true,"href":"https:\/\/lestracesdelinfo.com\/index.php\/wp-json\/wp\/v2\/users\/2"}],"replies":[{"embeddable":true,"href":"https:\/\/lestracesdelinfo.com\/index.php\/wp-json\/wp\/v2\/comments?post=63534"}],"version-history":[{"count":1,"href":"https:\/\/lestracesdelinfo.com\/index.php\/wp-json\/wp\/v2\/posts\/63534\/revisions"}],"predecessor-version":[{"id":63536,"href":"https:\/\/lestracesdelinfo.com\/index.php\/wp-json\/wp\/v2\/posts\/63534\/revisions\/63536"}],"wp:featuredmedia":[{"embeddable":true,"href":"https:\/\/lestracesdelinfo.com\/index.php\/wp-json\/wp\/v2\/media\/63535"}],"wp:attachment":[{"href":"https:\/\/lestracesdelinfo.com\/index.php\/wp-json\/wp\/v2\/media?parent=63534"}],"wp:term":[{"taxonomy":"category","embeddable":true,"href":"https:\/\/lestracesdelinfo.com\/index.php\/wp-json\/wp\/v2\/categories?post=63534"},{"taxonomy":"post_tag","embeddable":true,"href":"https:\/\/lestracesdelinfo.com\/index.php\/wp-json\/wp\/v2\/tags?post=63534"}],"curies":[{"name":"wp","href":"https:\/\/api.w.org\/{rel}","templated":true}]}}