{"id":63540,"date":"2025-12-03T15:37:37","date_gmt":"2025-12-03T15:37:37","guid":{"rendered":"https:\/\/lestracesdelinfo.com\/?p=63540"},"modified":"2025-12-03T15:37:41","modified_gmt":"2025-12-03T15:37:41","slug":"ledito-monsieur-le-president-ecouter-les-victimes-cest-affirmer-lautorite-dun-etat-sur-de-ses-valeurs","status":"publish","type":"post","link":"https:\/\/lestracesdelinfo.com\/index.php\/2025\/12\/03\/ledito-monsieur-le-president-ecouter-les-victimes-cest-affirmer-lautorite-dun-etat-sur-de-ses-valeurs\/","title":{"rendered":"L\u2019\u00e9dito : Monsieur le Pr\u00e9sident, \u00e9couter les victimes, c\u2019est affirmer l\u2019autorit\u00e9 d\u2019un \u00c9tat s\u00fbr de ses valeurs"},"content":{"rendered":"\n<p>Source :\u00a0<strong><a href=\"https:\/\/initiativesnews.com\/ledito-monsieur-le-president-ecouter-les-victimes-cest-affirmer-lautorite-dun-etat-sur-de-ses-valeurs\/\" target=\"_blank\" rel=\"noreferrer noopener\">Initiatives News &#8211; Mauritanie<\/a><\/strong><\/p>\n\n\n\n<figure class=\"wp-block-image\"><img decoding=\"async\" src=\"https:\/\/initiativesnews.com\/wp-content\/uploads\/2025\/12\/GHAZOUANI.jpg\" alt=\"\"\/><\/figure>\n\n\n\n<p>Il arrive dans la vie d\u2019une nation des moments o\u00f9 l\u2019h\u00e9sitation devient une faute et le silence une forme de renoncement. La Mauritanie traverse aujourd\u2019hui l\u2019un de ces instants d\u00e9cisifs. Les arrestations intervenues \u00e0 l\u2019occasion de la marche du 28 novembre 2025 &nbsp;ne sont pas de simples incidents administratifs. Elles sont les sympt\u00f4mes d\u2019un malaise plus profond : l\u2019incapacit\u00e9 persistante de l\u2019\u00c9tat \u00e0 r\u00e9pondre avec lucidit\u00e9 et courage aux revendications l\u00e9gitimes des victimes du passif humanitaire de 1989-1991.<\/p>\n\n\n\n<p>Monsieur le Pr\u00e9sident de la R\u00e9publique, vous \u00eates constitutionnellement le garant des libert\u00e9s publiques et le symbole de l\u2019unit\u00e9 nationale. Votre responsabilit\u00e9 d\u00e9passe d\u00e9sormais la gestion quotidienne des \u00e9quilibres politiques : elle engage l\u2019honneur de l\u2019\u00c9tat et la m\u00e9moire vivante du pays.<\/p>\n\n\n\n<h3 class=\"wp-block-heading\"><strong>Les victimes ne sont ni des adversaires, ni un probl\u00e8me s\u00e9curitaire<\/strong><strong><\/strong><\/h3>\n\n\n\n<p>Les veuves, les orphelins et les survivants ne sont pas des fauteurs de troubles. Ils ne sont pas les repr\u00e9sentants d\u2019une communaut\u00e9 dress\u00e9e contre d\u2019autres composantes de la Nation. Ils sont des citoyens meurtris, porteurs d\u2019une exigence universelle : vivre enfin dans un pays qui reconna\u00eet leurs souffrances, \u00e9tablit la v\u00e9rit\u00e9 et r\u00e9pare ses blessures.<\/p>\n\n\n\n<p>Les pr\u00e9senter comme des ennemis de l\u2019ordre public ou des facteurs de division serait une erreur aux cons\u00e9quences dangereuses. Une nation qui se construit contre ses victimes se fragilise de l\u2019int\u00e9rieur. Une paix impos\u00e9e par le silence est toujours provisoire ; une paix b\u00e2tie sur la justice est durable.<\/p>\n\n\n\n<h3 class=\"wp-block-heading\"><strong>La lucidit\u00e9 d\u2019un chef d\u2019\u00c9tat<\/strong><strong><\/strong><\/h3>\n\n\n\n<p>L\u2019exp\u00e9rience des nations sorties de crises graves le d\u00e9montre avec constance : aucun pays ne se stabilise durablement en esquivant son pass\u00e9. L\u2019Afrique du Sud, l\u2019Argentine, le Chili, le Rwanda, le Maroc ou encore le Canada ont engag\u00e9 des processus de v\u00e9rit\u00e9 et de r\u00e9paration non parce que c\u2019\u00e9tait politiquement confortable, mais parce que c\u2019\u00e9tait indispensable.<\/p>\n\n\n\n<p>Dans les soci\u00e9t\u00e9s occidentales, les mobilisations citoyennes pour la d\u00e9fense des causes palestiniennes ou pour la solidarit\u00e9 avec les victimes de violations des droits humains ailleurs dans le monde sont consid\u00e9r\u00e9es comme l\u2019expression normale d\u2019une conscience d\u00e9mocratique. Elles sont prot\u00e9g\u00e9es, non criminalis\u00e9es. Pourquoi ce qui est compris ailleurs comme un acte de civisme deviendrait-il, en Mauritanie, un acte de d\u00e9fiance lorsqu\u2019il touche nos propres traumatismes ?<\/p>\n\n\n\n<h3 class=\"wp-block-heading\"><strong>Assumer un leadership exemplaire<\/strong><strong><\/strong><\/h3>\n\n\n\n<p>L\u2019heure est \u00e0 un v\u00e9ritable acte d\u2019autorit\u00e9 morale. Gouverner ne consiste pas seulement \u00e0 maintenir l\u2019ordre : gouverner, c\u2019est ouvrir des chemin<strong>s<\/strong>. L\u2019histoire ne retient pas les dirigeants qui ont \u00e9vit\u00e9 les sujets difficiles, mais ceux qui ont eu le courage de les affronter.<\/p>\n\n\n\n<p>Monsieur le Pr\u00e9sident, vous disposez aujourd\u2019hui d\u2019une occasion historique de marquer durablement votre mandat :<\/p>\n\n\n\n<ul class=\"wp-block-list\">\n<li>En ordonnant la lib\u00e9ration imm\u00e9diate de toutes les personnes arr\u00eat\u00e9es pour avoir exerc\u00e9 leur droit de manifester pacifiquement ;<\/li>\n\n\n\n<li>En mettant fin \u00e0 toute criminalisation des mobilisations m\u00e9morielles ;<\/li>\n\n\n\n<li>En lan\u00e7ant un processus national cr\u00e9dible de justice transitionnelle,\u00a0fond\u00e9 sur une commission ind\u00e9pendante de v\u00e9rit\u00e9, l\u2019ouverture des archives, l\u2019identification des fosses communes, la reconnaissance officielle des crimes commis, et un dispositif transparent de r\u00e9parations ;<\/li>\n\n\n\n<li>En r\u00e9visant le cadre juridique,\u00a0notamment la loi d\u2019amnistie de 1993, incompatible avec les engagements internationaux de la Mauritanie ;<\/li>\n\n\n\n<li>En \u00e9rigeant le devoir de m\u00e9moire en politique publique, \u00e0 travers des lieux de recueillement et des programmes \u00e9ducatifs.<\/li>\n<\/ul>\n\n\n\n<p>Ce n\u2019est pas faire preuve de faiblesse que d\u2019\u00e9couter les victimes ; c\u2019est affirmer l\u2019autorit\u00e9 d\u2019un \u00c9tat s\u00fbr de ses valeurs.<\/p>\n\n\n\n<h3 class=\"wp-block-heading\"><strong>Le choix entre l\u2019histoire et l\u2019immobilisme<\/strong><strong><\/strong><\/h3>\n\n\n\n<p>La Mauritanie ne manque pas de discours sur l\u2019unit\u00e9 nationale. Ce qui a manqu\u00e9 jusqu\u2019ici, c\u2019est le courage de traduire ces paroles en actes. Le th\u00e8me choisi par l\u2019Union africaine en 2025 \u2013 \u00ab Justice et R\u00e9parations \u00bb \u2013 r\u00e9sonne comme un rappel \u00e0 nos propres responsabilit\u00e9s, d\u2019autant plus pressant que notre pays a pr\u00e9sid\u00e9 l\u2019organisation en 2024 sans avoir r\u00e9gl\u00e9 son propre contentieux m\u00e9moriel.<\/p>\n\n\n\n<p>Monsieur le Pr\u00e9sident, la lucidit\u00e9 impose une \u00e9vidence : on ne consolide pas une nation en tournant le dos aux blessures de son peuple. On la consolide en les regardant en face, en disant la v\u00e9rit\u00e9 et en rendant justice<strong>.<\/strong><\/p>\n\n\n\n<p>L\u2019histoire n\u2019attend pas ind\u00e9finiment. Elle observe, elle juge et elle retient.<br>Le moment est venu d\u2019exercer un leadership exemplaire pour imposer la voie du courage, de la v\u00e9rit\u00e9 et de la r\u00e9paration.<\/p>\n\n\n\n<p>Parce qu\u2019il n\u2019y a pas de r\u00e9conciliation sans justice.<br>Parce qu\u2019il n\u2019y a pas d\u2019unit\u00e9 sans reconnaissance.<br>Parce qu\u2019il n\u2019y a pas d\u2019avenir lorsque le pass\u00e9 demeure enseveli dans le silence.<\/p>\n\n\n\n<p>Source :\u00a0<strong><a href=\"https:\/\/initiativesnews.com\/ledito-monsieur-le-president-ecouter-les-victimes-cest-affirmer-lautorite-dun-etat-sur-de-ses-valeurs\/\" target=\"_blank\" rel=\"noreferrer noopener\">Initiatives News &#8211; Mauritanie<\/a><\/strong><\/p>\n","protected":false},"excerpt":{"rendered":"<p>Source :\u00a0Initiatives News &#8211; Mauritanie Il arrive dans la vie d\u2019une nation des moments o\u00f9 l\u2019h\u00e9sitation devient une faute et le silence une forme de renoncement. La Mauritanie traverse aujourd\u2019hui l\u2019un de ces instants d\u00e9cisifs. Les arrestations intervenues \u00e0 l\u2019occasion de la marche du 28 novembre 2025 &nbsp;ne sont pas de simples incidents administratifs. Elles [&hellip;]<\/p>\n","protected":false},"author":2,"featured_media":63541,"comment_status":"open","ping_status":"open","sticky":false,"template":"","format":"standard","meta":{"footnotes":""},"categories":[1449],"tags":[],"class_list":["post-63540","post","type-post","status-publish","format-standard","has-post-thumbnail","hentry","category-national"],"_links":{"self":[{"href":"https:\/\/lestracesdelinfo.com\/index.php\/wp-json\/wp\/v2\/posts\/63540","targetHints":{"allow":["GET"]}}],"collection":[{"href":"https:\/\/lestracesdelinfo.com\/index.php\/wp-json\/wp\/v2\/posts"}],"about":[{"href":"https:\/\/lestracesdelinfo.com\/index.php\/wp-json\/wp\/v2\/types\/post"}],"author":[{"embeddable":true,"href":"https:\/\/lestracesdelinfo.com\/index.php\/wp-json\/wp\/v2\/users\/2"}],"replies":[{"embeddable":true,"href":"https:\/\/lestracesdelinfo.com\/index.php\/wp-json\/wp\/v2\/comments?post=63540"}],"version-history":[{"count":1,"href":"https:\/\/lestracesdelinfo.com\/index.php\/wp-json\/wp\/v2\/posts\/63540\/revisions"}],"predecessor-version":[{"id":63542,"href":"https:\/\/lestracesdelinfo.com\/index.php\/wp-json\/wp\/v2\/posts\/63540\/revisions\/63542"}],"wp:featuredmedia":[{"embeddable":true,"href":"https:\/\/lestracesdelinfo.com\/index.php\/wp-json\/wp\/v2\/media\/63541"}],"wp:attachment":[{"href":"https:\/\/lestracesdelinfo.com\/index.php\/wp-json\/wp\/v2\/media?parent=63540"}],"wp:term":[{"taxonomy":"category","embeddable":true,"href":"https:\/\/lestracesdelinfo.com\/index.php\/wp-json\/wp\/v2\/categories?post=63540"},{"taxonomy":"post_tag","embeddable":true,"href":"https:\/\/lestracesdelinfo.com\/index.php\/wp-json\/wp\/v2\/tags?post=63540"}],"curies":[{"name":"wp","href":"https:\/\/api.w.org\/{rel}","templated":true}]}}