{"id":63543,"date":"2025-12-03T16:10:45","date_gmt":"2025-12-03T16:10:45","guid":{"rendered":"https:\/\/lestracesdelinfo.com\/?p=63543"},"modified":"2025-12-03T18:28:03","modified_gmt":"2025-12-03T18:28:03","slug":"la-commission-des-finances-de-lassemblee-nationale-examine-le-budget-de-la-delegation-a-la-solidarite","status":"publish","type":"post","link":"https:\/\/lestracesdelinfo.com\/index.php\/2025\/12\/03\/la-commission-des-finances-de-lassemblee-nationale-examine-le-budget-de-la-delegation-a-la-solidarite\/","title":{"rendered":"La commission des finances de l\u2019Assembl\u00e9e nationale examine le budget de la d\u00e9l\u00e9gation \u00e0 la solidarit\u00e9"},"content":{"rendered":"\n<p>ami<\/p>\n\n\n\n<figure class=\"wp-block-image\"><a class=\"post-thumbnail open-lightbox\" href=\"https:\/\/ami.mr\/fr\/wp-content\/uploads\/2025\/12\/03-12-2025-004.jpg\"><img decoding=\"async\" src=\"https:\/\/ami.mr\/fr\/wp-content\/uploads\/2025\/12\/03-12-2025-004-750x430.jpg\" alt=\"\"\/><\/a><\/figure>\n\n\n\n<p>&nbsp;La commission des finances de l\u2019Assembl\u00e9e nationale a consacr\u00e9 sa r\u00e9union de ce mercredi matin, pr\u00e9sid\u00e9e par le d\u00e9put\u00e9 Ali Mamoudou Kane, pr\u00e9sident de la commission, \u00e0 l\u2019examen du budget de la d\u00e9l\u00e9gation \u00e0 la solidarit\u00e9 nationale et \u00e0 la lutte contre l\u2019exclusion \u00ab Taazour \u00bb, dans le projet de loi de finances de l\u2019\u00c9tat pour l\u2019ann\u00e9e 2026.<\/p>\n\n\n\n<p>La commission a suivi une pr\u00e9sentation du d\u00e9l\u00e9gu\u00e9 g\u00e9n\u00e9ral \u00e0 la solidarit\u00e9 nationale et \u00e0 la lutte contre l\u2019exclusion, M. Sidi Ould Moulay Zeine, qui a pr\u00e9sent\u00e9 les postes de ce budget et leurs affectations.<\/p>\n\n\n\n<p>Le budget de la d\u00e9l\u00e9gation, dans le projet de loi susmentionn\u00e9, s\u2019\u00e9l\u00e8ve \u00e0 6 523 229 457 ouguiyas.<\/p>\n\n\n\n<p><a href=\"https:\/\/www.facebook.com\/sharer\/sharer.php?u=https%3A%2F%2Fami.mr%2Ffr%2Farchives%2F284687\" rel=\"noreferrer noopener\" target=\"_blank\"><\/a><a href=\"https:\/\/twitter.com\/intent\/tweet?text=La%20commission%20des%20finances%20de%20l%27Assembl%C3%A9e%20nationale%20examine%20le%20budget%20de%20la%20d%C3%A9l%C3%A9gation%20%C3%A0%20la%20solidarit%C3%A9&amp;url=https%3A%2F%2Fami.mr%2Ffr%2Farchives%2F284687\" rel=\"noreferrer noopener\" target=\"_blank\"><\/a><a href=\"https:\/\/api.whatsapp.com\/send?text=La%20commission%20des%20finances%20de%20l%27Assembl%C3%A9e%20nationale%20examine%20le%20budget%20de%20la%20d%C3%A9l%C3%A9gation%20%C3%A0%20la%20solidarit%C3%A9%20https%3A%2F%2Fami.mr%2Ffr%2Farchives%2F284687\" rel=\"noreferrer noopener\" target=\"_blank\"><\/a><a href=\"https:\/\/www.instagram.com\/\" rel=\"noreferrer noopener\" target=\"_blank\"><\/a><a href=\"https:\/\/ami.mr\/fr\/archives\/284687\"><\/a><\/p>\n","protected":false},"excerpt":{"rendered":"<p>ami &nbsp;La commission des finances de l\u2019Assembl\u00e9e nationale a consacr\u00e9 sa r\u00e9union de ce mercredi matin, pr\u00e9sid\u00e9e par le d\u00e9put\u00e9 Ali Mamoudou Kane, pr\u00e9sident de la commission, \u00e0 l\u2019examen du budget de la d\u00e9l\u00e9gation \u00e0 la solidarit\u00e9 nationale et \u00e0 la lutte contre l\u2019exclusion \u00ab Taazour \u00bb, dans le projet de loi de finances de [&hellip;]<\/p>\n","protected":false},"author":2,"featured_media":63544,"comment_status":"open","ping_status":"open","sticky":false,"template":"","format":"standard","meta":{"footnotes":""},"categories":[1449],"tags":[],"class_list":["post-63543","post","type-post","status-publish","format-standard","has-post-thumbnail","hentry","category-national"],"_links":{"self":[{"href":"https:\/\/lestracesdelinfo.com\/index.php\/wp-json\/wp\/v2\/posts\/63543","targetHints":{"allow":["GET"]}}],"collection":[{"href":"https:\/\/lestracesdelinfo.com\/index.php\/wp-json\/wp\/v2\/posts"}],"about":[{"href":"https:\/\/lestracesdelinfo.com\/index.php\/wp-json\/wp\/v2\/types\/post"}],"author":[{"embeddable":true,"href":"https:\/\/lestracesdelinfo.com\/index.php\/wp-json\/wp\/v2\/users\/2"}],"replies":[{"embeddable":true,"href":"https:\/\/lestracesdelinfo.com\/index.php\/wp-json\/wp\/v2\/comments?post=63543"}],"version-history":[{"count":1,"href":"https:\/\/lestracesdelinfo.com\/index.php\/wp-json\/wp\/v2\/posts\/63543\/revisions"}],"predecessor-version":[{"id":63545,"href":"https:\/\/lestracesdelinfo.com\/index.php\/wp-json\/wp\/v2\/posts\/63543\/revisions\/63545"}],"wp:featuredmedia":[{"embeddable":true,"href":"https:\/\/lestracesdelinfo.com\/index.php\/wp-json\/wp\/v2\/media\/63544"}],"wp:attachment":[{"href":"https:\/\/lestracesdelinfo.com\/index.php\/wp-json\/wp\/v2\/media?parent=63543"}],"wp:term":[{"taxonomy":"category","embeddable":true,"href":"https:\/\/lestracesdelinfo.com\/index.php\/wp-json\/wp\/v2\/categories?post=63543"},{"taxonomy":"post_tag","embeddable":true,"href":"https:\/\/lestracesdelinfo.com\/index.php\/wp-json\/wp\/v2\/tags?post=63543"}],"curies":[{"name":"wp","href":"https:\/\/api.w.org\/{rel}","templated":true}]}}