{"id":63548,"date":"2025-12-03T19:32:46","date_gmt":"2025-12-03T19:32:46","guid":{"rendered":"https:\/\/lestracesdelinfo.com\/?p=63548"},"modified":"2025-12-03T19:37:57","modified_gmt":"2025-12-03T19:37:57","slug":"abdellahi-sarr-president-comite-des-sages-du-brakna-coordination-nationale-des-amis-du-president","status":"publish","type":"post","link":"https:\/\/lestracesdelinfo.com\/index.php\/2025\/12\/03\/abdellahi-sarr-president-comite-des-sages-du-brakna-coordination-nationale-des-amis-du-president\/","title":{"rendered":"\u00a0Abdellahi Sarr"},"content":{"rendered":"\n<figure class=\"wp-block-image size-full\"><img loading=\"lazy\" decoding=\"async\" width=\"484\" height=\"281\" src=\"https:\/\/lestracesdelinfo.com\/wp-content\/uploads\/2025\/12\/89c1ac6e-7168-4e84-9879-ccf19e12aba7-1.jpeg\" alt=\"\" class=\"wp-image-63550\" srcset=\"https:\/\/lestracesdelinfo.com\/wp-content\/uploads\/2025\/12\/89c1ac6e-7168-4e84-9879-ccf19e12aba7-1.jpeg 484w, https:\/\/lestracesdelinfo.com\/wp-content\/uploads\/2025\/12\/89c1ac6e-7168-4e84-9879-ccf19e12aba7-1-300x174.jpeg 300w\" sizes=\"auto, (max-width: 484px) 100vw, 484px\" \/><\/figure>\n\n\n\n<p>\u064a\u064e\u0627 \u0623\u064e\u064a\u064f\u0651\u0647\u064e\u0627 \u0627\u0644\u064e\u0651\u0630\u0650\u064a\u0646\u064e \u0622\u0645\u064e\u0646\u064f\u0648\u0627 \u0643\u064f\u0648\u0646\u064f\u0648\u0627 \u0642\u064e\u0648\u064e\u0651\u0627\u0645\u0650\u064a\u0646\u064e \u0644\u0650\u0644\u064e\u0651\u0647\u0650 \u0634\u064f\u0647\u064e\u062f\u064e\u0627\u0621\u064e \u0628\u0650\u0627\u0644\u0652\u0642\u0650\u0633\u0652\u0637\u0650 \u06d6 \u0648\u064e\u0644\u064e\u0627 \u064a\u064e\u062c\u0652\u0631\u0650\u0645\u064e\u0646\u064e\u0651\u0643\u064f\u0645\u0652 \u0634\u064e\u0646\u064e\u0622\u0646\u064f \u0642\u064e\u0648\u0652\u0645\u064d \u0639\u064e\u0644\u064e\u0649\u0670 \u0623\u064e\u0644\u064e\u0651\u0627 \u062a\u064e\u0639\u0652\u062f\u0650\u0644\u064f\u0648\u0627 \u06da \u0627\u0639\u0652\u062f\u0650\u0644\u064f\u0648\u0627 \u0647\u064f\u0648\u064e \u0623\u064e\u0642\u0652\u0631\u064e\u0628\u064f \u0644\u0650\u0644\u062a\u064e\u0651\u0642\u0652\u0648\u064e\u0649\u0670<\/p>\n\n\n\n<p><strong>1. Relater les faits<\/strong><\/p>\n\n\n\n<p>Entre 1986 et 1991, un voile de douleur a recouvert la Mauritanie. Cette p\u00e9riode n\u2019est pas seulement un chapitre de l\u2019histoire : elle est une cicatrice encore chaude dans le c\u0153ur de nombreuses familles. On se souvient de ces jours o\u00f9 la peur avait pris la place de la lumi\u00e8re.<\/p>\n\n\n\n<p>Des militaires negro-mauritaniens furent arr\u00eat\u00e9s sans explication, arrach\u00e9s \u00e0 leurs foyers, \u00e0 leurs enfants endormis, \u00e0 leurs \u00e9pouses qui ne comprenaient pas pourquoi le destin les frappait ainsi.<\/p>\n\n\n\n<p>Certains ne revinrent jamais. D\u2019autres connurent les t\u00e9n\u00e8bres des lieux de d\u00e9tention. Les ex\u00e9cutions extrajudiciaires, les tortures et les disparitions forc\u00e9es ont laiss\u00e9 des familles suspendues \u00e0 une incertitude qui ronge l\u2019\u00e2me. Cette \u00e9poque est une m\u00e9moire vivante, faite de visages absents et de noms que l\u2019on \u00e9voque encore avec \u00e9motion.<\/p>\n\n\n\n<p><strong>2. Solutions \u00e0 adopter en tant que musulmans<\/strong><\/p>\n\n\n\n<p>Face \u00e0 une trag\u00e9die touchant le c\u0153ur d\u2019un peuple, la voie musulmane impose la v\u00e9rit\u00e9, la justice et la mis\u00e9ricorde. Dire la v\u00e9rit\u00e9 est un acte de foi. Entourer les familles bless\u00e9es est un devoir. Le pardon sinc\u00e8re ne vient qu\u2019apr\u00e8s la reconnaissance, mais lorsqu\u2019il na\u00eet, il soulage les c\u0153urs. Quant \u00e0 l\u2019avenir, il doit \u00eatre b\u00e2ti sur des institutions qui prot\u00e8gent chaque citoyen contre toute forme d\u2019injustice.<\/p>\n\n\n\n<p><strong>3. Conseils au Pr\u00e9sident de la R\u00e9publique<\/strong><\/p>\n\n\n\n<p>En tant que membre de la Coordination Nationale des Amis du Pr\u00e9sident Mohamed Cheikh Ghazouani et Pr\u00e9sident du Comit\u00e9 des Sages du Brakna, il est de notre devoir d\u2019aborder ce sujet avec loyaut\u00e9 et sensibilit\u00e9. Il convient d\u2019encourager la continuit\u00e9 d\u2019une politique d\u2019apaisement et d\u2019\u00e9coute. La compassion doit devenir un principe d\u2019\u00c9tat. Il est essentiel de renforcer la coh\u00e9sion entre les communaut\u00e9s et d\u2019ancrer la m\u00e9moire nationale sans raviver les divisions. Un pays qui regarde son pass\u00e9 avec courage construit un avenir plus juste et plus stable.<\/p>\n\n\n\n<p><strong>4. Conclusion<\/strong><strong>&nbsp; <\/strong><strong><\/strong><\/p>\n\n\n\n<p>La trag\u00e9die de 1986\u20131991 demeure un appel \u00e0 la justice, \u00e0 la r\u00e9conciliation et \u00e0 l\u2019unit\u00e9. Elle nous enseigne que la justice est l\u2019\u00e2me d\u2019une nation et que la v\u00e9rit\u00e9 est le premier pas vers la gu\u00e9rison. Notre responsabilit\u00e9 collective est de transformer cette douleur en un engagement pour l\u2019unit\u00e9 nationale, en soutenant les efforts du Pr\u00e9sident dans la voie de l\u2019apaisement et de la coh\u00e9sion. Que Dieu apaise les c\u0153urs et guide notre pays vers une paix durable<\/p>\n\n\n\n<p>\u00a0\u00a0<strong>Abdellahi Sarr Pr\u00e9sident Comit\u00e9 des Sages du Brakna Coordination Nationale des Amis du Pr\u00e9sident<\/strong><\/p>\n\n\n\n<p><strong>Tel  46500302<\/strong><\/p>\n\n\n\n<p><\/p>\n","protected":false},"excerpt":{"rendered":"<p>\u064a\u064e\u0627 \u0623\u064e\u064a\u064f\u0651\u0647\u064e\u0627 \u0627\u0644\u064e\u0651\u0630\u0650\u064a\u0646\u064e \u0622\u0645\u064e\u0646\u064f\u0648\u0627 \u0643\u064f\u0648\u0646\u064f\u0648\u0627 \u0642\u064e\u0648\u064e\u0651\u0627\u0645\u0650\u064a\u0646\u064e \u0644\u0650\u0644\u064e\u0651\u0647\u0650 \u0634\u064f\u0647\u064e\u062f\u064e\u0627\u0621\u064e \u0628\u0650\u0627\u0644\u0652\u0642\u0650\u0633\u0652\u0637\u0650 \u06d6 \u0648\u064e\u0644\u064e\u0627 \u064a\u064e\u062c\u0652\u0631\u0650\u0645\u064e\u0646\u064e\u0651\u0643\u064f\u0645\u0652 \u0634\u064e\u0646\u064e\u0622\u0646\u064f \u0642\u064e\u0648\u0652\u0645\u064d \u0639\u064e\u0644\u064e\u0649\u0670 \u0623\u064e\u0644\u064e\u0651\u0627 \u062a\u064e\u0639\u0652\u062f\u0650\u0644\u064f\u0648\u0627 \u06da \u0627\u0639\u0652\u062f\u0650\u0644\u064f\u0648\u0627 \u0647\u064f\u0648\u064e \u0623\u064e\u0642\u0652\u0631\u064e\u0628\u064f \u0644\u0650\u0644\u062a\u064e\u0651\u0642\u0652\u0648\u064e\u0649\u0670 1. Relater les faits Entre 1986 et 1991, un voile de douleur a recouvert la Mauritanie. Cette p\u00e9riode n\u2019est pas seulement un chapitre de l\u2019histoire : elle est une cicatrice encore chaude dans [&hellip;]<\/p>\n","protected":false},"author":2,"featured_media":63550,"comment_status":"open","ping_status":"open","sticky":false,"template":"","format":"standard","meta":{"footnotes":""},"categories":[1449],"tags":[],"class_list":["post-63548","post","type-post","status-publish","format-standard","has-post-thumbnail","hentry","category-national"],"_links":{"self":[{"href":"https:\/\/lestracesdelinfo.com\/index.php\/wp-json\/wp\/v2\/posts\/63548","targetHints":{"allow":["GET"]}}],"collection":[{"href":"https:\/\/lestracesdelinfo.com\/index.php\/wp-json\/wp\/v2\/posts"}],"about":[{"href":"https:\/\/lestracesdelinfo.com\/index.php\/wp-json\/wp\/v2\/types\/post"}],"author":[{"embeddable":true,"href":"https:\/\/lestracesdelinfo.com\/index.php\/wp-json\/wp\/v2\/users\/2"}],"replies":[{"embeddable":true,"href":"https:\/\/lestracesdelinfo.com\/index.php\/wp-json\/wp\/v2\/comments?post=63548"}],"version-history":[{"count":2,"href":"https:\/\/lestracesdelinfo.com\/index.php\/wp-json\/wp\/v2\/posts\/63548\/revisions"}],"predecessor-version":[{"id":63553,"href":"https:\/\/lestracesdelinfo.com\/index.php\/wp-json\/wp\/v2\/posts\/63548\/revisions\/63553"}],"wp:featuredmedia":[{"embeddable":true,"href":"https:\/\/lestracesdelinfo.com\/index.php\/wp-json\/wp\/v2\/media\/63550"}],"wp:attachment":[{"href":"https:\/\/lestracesdelinfo.com\/index.php\/wp-json\/wp\/v2\/media?parent=63548"}],"wp:term":[{"taxonomy":"category","embeddable":true,"href":"https:\/\/lestracesdelinfo.com\/index.php\/wp-json\/wp\/v2\/categories?post=63548"},{"taxonomy":"post_tag","embeddable":true,"href":"https:\/\/lestracesdelinfo.com\/index.php\/wp-json\/wp\/v2\/tags?post=63548"}],"curies":[{"name":"wp","href":"https:\/\/api.w.org\/{rel}","templated":true}]}}