{"id":63554,"date":"2025-12-03T21:24:42","date_gmt":"2025-12-03T21:24:42","guid":{"rendered":"https:\/\/lestracesdelinfo.com\/?p=63554"},"modified":"2025-12-03T21:24:46","modified_gmt":"2025-12-03T21:24:46","slug":"nigeria-le-general-christopher-musa-nomme-ministre-de-la-defense-apres-la-demission-de-mohammed-badaru-abubakar","status":"publish","type":"post","link":"https:\/\/lestracesdelinfo.com\/index.php\/2025\/12\/03\/nigeria-le-general-christopher-musa-nomme-ministre-de-la-defense-apres-la-demission-de-mohammed-badaru-abubakar\/","title":{"rendered":"Nigeria : Le g\u00e9n\u00e9ral Christopher Musa nomm\u00e9 ministre de la D\u00e9fense apr\u00e8s la d\u00e9mission de Mohammed Badaru Abubakar"},"content":{"rendered":"\n<p><a href=\"https:\/\/sahel-intelligence.com\/author\/samuel\">Samuel Benshimon<\/a><\/p>\n\n\n\n<figure class=\"wp-block-image\"><img decoding=\"async\" src=\"https:\/\/sahel-intelligence.com\/wp-content\/uploads\/2025\/12\/cg-musa-defence-chief-1400x933-1-752x440.jpg\" alt=\"\"\/><\/figure>\n\n\n\n<p>Le g\u00e9n\u00e9ral nig\u00e9rian Christopher Musa, ancien chef d\u2019Etat-major des arm\u00e9es, a \u00e9t\u00e9 d\u00e9sign\u00e9 ministre de la D\u00e9fense du Nigeria ce mardi, apr\u00e8s la d\u00e9mission de Mohammed Badaru Abubakar de ce poste.<\/p>\n\n\n\n<p>Dans une lettre adress\u00e9e au S\u00e9nat, le pr\u00e9sident Bola Tinubu a exprim\u00e9 sa \u00ab&nbsp;confiance dans les capacit\u00e9s&nbsp;\u00bb du g\u00e9n\u00e9ral Musa, qui a dirig\u00e9 l\u2019\u00c9tat-major des arm\u00e9es entre 2023 et octobre 2025. Le communiqu\u00e9 de la pr\u00e9sidence souligne que cette nomination intervient dans un contexte de s\u00e9curit\u00e9 de plus en plus pr\u00e9occupant pour le pays.<\/p>\n\n\n\n<p>Le choix du g\u00e9n\u00e9ral Musa vise \u00e0 renforcer la s\u00e9curit\u00e9 du Nigeria, alors que le pays fait face \u00e0 une recrudescence des enl\u00e8vements de masse. La situation, qui a conduit les autorit\u00e9s \u00e0 d\u00e9clarer un \u00ab&nbsp;\u00e9tat d\u2019urgence s\u00e9curitaire&nbsp;\u00bb, refl\u00e8te une escalade des violences, notamment dans le nord et le centre du pays.&nbsp;<\/p>\n\n\n\n<p>Ces derniers jours, plusieurs centaines de personnes ont \u00e9t\u00e9 enlev\u00e9es, dont plus de 300 \u00e9l\u00e8ves et enseignants d\u2019une \u00e9cole catholique \u00e0 Papiri, dans l\u2019Etat de Niger, ainsi que 25 lyc\u00e9ennes \u00e0 Maga, dans l\u2019Etat de Kebbi. \u00c0 cela s\u2019ajoutent les kidnappings de 13 jeunes filles dans l\u2019\u00c9tat de Borno, au nord-est.<\/p>\n\n\n\n<p>Face \u00e0 cette situation, le gouvernement a ordonn\u00e9 un recrutement massif au sein de l\u2019arm\u00e9e et de la police pour intensifier la lutte contre les groupes criminels et les bandits qui s\u00e9vissent dans diverses r\u00e9gions du pays. Les r\u00e9centes vagues d\u2019enl\u00e8vements mettent en lumi\u00e8re les failles du dispositif s\u00e9curitaire, particuli\u00e8rement dans la protection des \u00e9coles et des \u00e9l\u00e8ves.<\/p>\n\n\n\n<p>La nomination de Musa est per\u00e7ue comme un signe de volont\u00e9 politique pour endiguer cette crise s\u00e9curitaire qui menace de d\u00e9stabiliser davantage le pays.<\/p>\n\n\n\n<h2 class=\"wp-block-heading\">sahel-intelligence.com<\/h2>\n\n\n\n<p><\/p>\n","protected":false},"excerpt":{"rendered":"<p>Samuel Benshimon Le g\u00e9n\u00e9ral nig\u00e9rian Christopher Musa, ancien chef d\u2019Etat-major des arm\u00e9es, a \u00e9t\u00e9 d\u00e9sign\u00e9 ministre de la D\u00e9fense du Nigeria ce mardi, apr\u00e8s la d\u00e9mission de Mohammed Badaru Abubakar de ce poste. Dans une lettre adress\u00e9e au S\u00e9nat, le pr\u00e9sident Bola Tinubu a exprim\u00e9 sa \u00ab&nbsp;confiance dans les capacit\u00e9s&nbsp;\u00bb du g\u00e9n\u00e9ral Musa, qui a [&hellip;]<\/p>\n","protected":false},"author":2,"featured_media":63555,"comment_status":"open","ping_status":"open","sticky":false,"template":"","format":"standard","meta":{"footnotes":""},"categories":[1447],"tags":[],"class_list":["post-63554","post","type-post","status-publish","format-standard","has-post-thumbnail","hentry","category-afrique"],"_links":{"self":[{"href":"https:\/\/lestracesdelinfo.com\/index.php\/wp-json\/wp\/v2\/posts\/63554","targetHints":{"allow":["GET"]}}],"collection":[{"href":"https:\/\/lestracesdelinfo.com\/index.php\/wp-json\/wp\/v2\/posts"}],"about":[{"href":"https:\/\/lestracesdelinfo.com\/index.php\/wp-json\/wp\/v2\/types\/post"}],"author":[{"embeddable":true,"href":"https:\/\/lestracesdelinfo.com\/index.php\/wp-json\/wp\/v2\/users\/2"}],"replies":[{"embeddable":true,"href":"https:\/\/lestracesdelinfo.com\/index.php\/wp-json\/wp\/v2\/comments?post=63554"}],"version-history":[{"count":1,"href":"https:\/\/lestracesdelinfo.com\/index.php\/wp-json\/wp\/v2\/posts\/63554\/revisions"}],"predecessor-version":[{"id":63556,"href":"https:\/\/lestracesdelinfo.com\/index.php\/wp-json\/wp\/v2\/posts\/63554\/revisions\/63556"}],"wp:featuredmedia":[{"embeddable":true,"href":"https:\/\/lestracesdelinfo.com\/index.php\/wp-json\/wp\/v2\/media\/63555"}],"wp:attachment":[{"href":"https:\/\/lestracesdelinfo.com\/index.php\/wp-json\/wp\/v2\/media?parent=63554"}],"wp:term":[{"taxonomy":"category","embeddable":true,"href":"https:\/\/lestracesdelinfo.com\/index.php\/wp-json\/wp\/v2\/categories?post=63554"},{"taxonomy":"post_tag","embeddable":true,"href":"https:\/\/lestracesdelinfo.com\/index.php\/wp-json\/wp\/v2\/tags?post=63554"}],"curies":[{"name":"wp","href":"https:\/\/api.w.org\/{rel}","templated":true}]}}