{"id":63557,"date":"2025-12-03T21:32:55","date_gmt":"2025-12-03T21:32:55","guid":{"rendered":"https:\/\/lestracesdelinfo.com\/?p=63557"},"modified":"2025-12-03T21:32:59","modified_gmt":"2025-12-03T21:32:59","slug":"dakar-des-mesures-de-securite-deployees-pour-le-navire-mersin","status":"publish","type":"post","link":"https:\/\/lestracesdelinfo.com\/index.php\/2025\/12\/03\/dakar-des-mesures-de-securite-deployees-pour-le-navire-mersin\/","title":{"rendered":"Dakar: des mesures de s\u00e9curit\u00e9 d\u00e9ploy\u00e9es pour le navire \u00abMERSIN\u00bb"},"content":{"rendered":"\n<p><img loading=\"lazy\" decoding=\"async\" width=\"32\" height=\"32\" srcset=\"https:\/\/fr.apanews.net\/wp-content\/uploads\/sites\/2\/2023\/09\/APA-Ico-48x48.png 48w, https:\/\/fr.apanews.net\/wp-content\/uploads\/sites\/2\/2023\/09\/APA-Ico-300x300.png 300w, https:\/\/fr.apanews.net\/wp-content\/uploads\/sites\/2\/2023\/09\/APA-Ico-150x150.png 150w, https:\/\/fr.apanews.net\/wp-content\/uploads\/sites\/2\/2023\/09\/APA-Ico-70x70.png 70w, https:\/\/fr.apanews.net\/wp-content\/uploads\/sites\/2\/2023\/09\/APA-Ico-450x450.png 450w, https:\/\/fr.apanews.net\/wp-content\/uploads\/sites\/2\/2023\/09\/APA-Ico-24x24.png 24w, https:\/\/fr.apanews.net\/wp-content\/uploads\/sites\/2\/2023\/09\/APA-Ico-96x96.png 96w, https:\/\/fr.apanews.net\/wp-content\/uploads\/sites\/2\/2023\/09\/APA-Ico.png 512w\" src=\"https:\/\/fr.apanews.net\/wp-content\/uploads\/sites\/2\/2023\/09\/APA-Ico-48x48.png\" alt=\"APA-Dakar (S\u00e9n\u00e9gal)\"><a>APA-Dakar (S\u00e9n\u00e9gal)<\/a><\/p>\n\n\n\n<figure class=\"wp-block-image\"><img decoding=\"async\" src=\"https:\/\/fr.apanews.net\/wp-content\/uploads\/sites\/2\/2025\/12\/263804-1.jpg\" alt=\"\" title=\"Dakar: des mesures de s\u00e9curit\u00e9 d\u00e9ploy\u00e9es pour le navire \u00abMERSIN\u00bb\"\/><\/figure>\n\n\n\n<p><a href=\"https:\/\/www.facebook.com\/sharer.php?u=https%3A%2F%2Ffr.apanews.net%2Fdisasters%2Fdakar-mesures-de-securite-deployees-pour-le-navire-mersin%2F\" target=\"_blank\" rel=\"noreferrer noopener\"><\/a><a href=\"https:\/\/twitter.com\/intent\/tweet?url=https%3A%2F%2Ffr.apanews.net%2Fdisasters%2Fdakar-mesures-de-securite-deployees-pour-le-navire-mersin%2F&amp;text=Dakar%3A%20des%20mesures%20de%20s%C3%A9curit%C3%A9%20d%C3%A9ploy%C3%A9es%20pour%20le%20navire%20%C2%ABMERSIN%C2%BB\" target=\"_blank\" rel=\"noreferrer noopener\"><\/a><a href=\"https:\/\/wa.me\/?text=Dakar%3A%20des%20mesures%20de%20s%C3%A9curit%C3%A9%20d%C3%A9ploy%C3%A9es%20pour%20le%20navire%20%C2%ABMERSIN%C2%BB%20https%3A%2F%2Ffr.apanews.net%2Fdisasters%2Fdakar-mesures-de-securite-deployees-pour-le-navire-mersin%2F\" target=\"_blank\" rel=\"noreferrer noopener\"><\/a><a href=\"mailto:?subject=Dakar%3A%20des%20mesures%20de%20s%C3%A9curit%C3%A9%20d%C3%A9ploy%C3%A9es%20pour%20le%20navire%20%C2%ABMERSIN%C2%BB&amp;body=https%3A%2F%2Ffr.apanews.net%2Fdisasters%2Fdakar-mesures-de-securite-deployees-pour-le-navire-mersin%2F\" target=\"_blank\" rel=\"noreferrer noopener\"><\/a><a href=\"https:\/\/www.linkedin.com\/shareArticle?mini=true&amp;url=https%3A%2F%2Ffr.apanews.net%2Fdisasters%2Fdakar-mesures-de-securite-deployees-pour-le-navire-mersin%2F\" target=\"_blank\" rel=\"noreferrer noopener\"><\/a><a href=\"https:\/\/t.me\/share\/url?url=https%3A%2F%2Ffr.apanews.net%2Fdisasters%2Fdakar-mesures-de-securite-deployees-pour-le-navire-mersin%2F&amp;title=Dakar%3A%20des%20mesures%20de%20s%C3%A9curit%C3%A9%20d%C3%A9ploy%C3%A9es%20pour%20le%20navire%20%C2%ABMERSIN%C2%BB\" target=\"_blank\" rel=\"noreferrer noopener\"><\/a><\/p>\n\n\n\n<p><strong>Les autorit\u00e9s s\u00e9n\u00e9galaises poursuivent les op\u00e9rations de s\u00e9curisation du navire tanker \u00ab\u202f<em>MERSIN<\/em>\u202f\u00bb, apr\u00e8s un incident technique survenu dans la nuit du 27 au 28 novembre au large de Dakar.<\/strong><\/p>\n\n\n\n<p>Selon un communiqu\u00e9 du minist\u00e8re des P\u00eaches et de l\u2019Economie maritime publi\u00e9 mercredi, les op\u00e9rations de s\u00e9curisation du navire tanker \u00ab\u202fMERSIN\u202f\u00bb se poursuivent activement au large de Dakar. L\u2019incident technique survenu dans la nuit du 27 au 28 novembre, qui a provoqu\u00e9 une entr\u00e9e d\u2019eau dans la salle des machines, reste sous suivi attentif par les autorit\u00e9s maritimes.<\/p>\n\n\n\n<p>Une cellule de crise a \u00e9t\u00e9 imm\u00e9diatement activ\u00e9e sous la supervision de la Haute Autorit\u00e9 charg\u00e9e de la S\u00e9curit\u00e9 maritime (HASSMAR), en coordination avec la Marine nationale, l\u2019Agence nationale des affaires maritimes et le Port autonome de Dakar. Le dispositif visait \u00e0 g\u00e9rer la situation, \u00e0 secourir l\u2019\u00e9quipage et \u00e0 pr\u00e9venir tout risque environnemental. Gr\u00e2ce \u00e0 l\u2019intervention rapide des remorqueurs et d\u2019\u00e9quipes sp\u00e9cialis\u00e9es, l\u2019int\u00e9gralit\u00e9 de l\u2019\u00e9quipage a \u00e9t\u00e9 secouru sain et sauf, pr\u00e9cise le communiqu\u00e9 parvenu \u00e0 APA<\/p>\n\n\n\n<p>Le navire, battant pavillon panam\u00e9en et appartenant \u00e0 la compagnie turque Be\u015fikta\u015f Shipping, a quitt\u00e9 Taman (Russie) le 21 ao\u00fbt et est arriv\u00e9 \u00e0 Dakar le 25 septembre. Les causes exactes de l\u2019incident ne sont pas encore \u00e9tablies. Des vid\u00e9os diffus\u00e9es sur les r\u00e9seaux sociaux montraient le navire pencher, sans signes visibles de collision ou d\u2019impact externe. La mer \u00e9tait calme et la visibilit\u00e9 normale au moment de l\u2019incident.<\/p>\n\n\n\n<p>Par mesure de pr\u00e9caution, un barrage antipollution a \u00e9t\u00e9 install\u00e9 autour du \u00ab\u202f<em>MERSIN<\/em>\u202f\u00bb pour confiner toute nappe d\u2019hydrocarbure. Les autorit\u00e9s poursuivent l\u2019\u00e9valuation des voies d\u2019eau et \u00e9tudient les mesures techniques pour stabiliser le navire et s\u00e9curiser le carburant. Plusieurs navires de la zone et une vedette de la Marine nationale restent mobilis\u00e9s pour assurer la surveillance et la s\u00e9curit\u00e9 du p\u00e9rim\u00e8tre d\u2019intervention.<\/p>\n\n\n\n<p>Le communiqu\u00e9 insiste sur l\u2019engagement total de toutes les parties prenantes, la priorit\u00e9 \u00e9tant la protection des vies humaines, la s\u00e9curisation du navire et la pr\u00e9servation du milieu marin.<\/p>\n\n\n\n<p><strong>AC\/Sf\/APA<\/strong><\/p>\n","protected":false},"excerpt":{"rendered":"<p>APA-Dakar (S\u00e9n\u00e9gal) Les autorit\u00e9s s\u00e9n\u00e9galaises poursuivent les op\u00e9rations de s\u00e9curisation du navire tanker \u00ab\u202fMERSIN\u202f\u00bb, apr\u00e8s un incident technique survenu dans la nuit du 27 au 28 novembre au large de Dakar. Selon un communiqu\u00e9 du minist\u00e8re des P\u00eaches et de l\u2019Economie maritime publi\u00e9 mercredi, les op\u00e9rations de s\u00e9curisation du navire tanker \u00ab\u202fMERSIN\u202f\u00bb se poursuivent activement [&hellip;]<\/p>\n","protected":false},"author":2,"featured_media":63558,"comment_status":"open","ping_status":"open","sticky":false,"template":"","format":"standard","meta":{"footnotes":""},"categories":[1447],"tags":[],"class_list":["post-63557","post","type-post","status-publish","format-standard","has-post-thumbnail","hentry","category-afrique"],"_links":{"self":[{"href":"https:\/\/lestracesdelinfo.com\/index.php\/wp-json\/wp\/v2\/posts\/63557","targetHints":{"allow":["GET"]}}],"collection":[{"href":"https:\/\/lestracesdelinfo.com\/index.php\/wp-json\/wp\/v2\/posts"}],"about":[{"href":"https:\/\/lestracesdelinfo.com\/index.php\/wp-json\/wp\/v2\/types\/post"}],"author":[{"embeddable":true,"href":"https:\/\/lestracesdelinfo.com\/index.php\/wp-json\/wp\/v2\/users\/2"}],"replies":[{"embeddable":true,"href":"https:\/\/lestracesdelinfo.com\/index.php\/wp-json\/wp\/v2\/comments?post=63557"}],"version-history":[{"count":1,"href":"https:\/\/lestracesdelinfo.com\/index.php\/wp-json\/wp\/v2\/posts\/63557\/revisions"}],"predecessor-version":[{"id":63559,"href":"https:\/\/lestracesdelinfo.com\/index.php\/wp-json\/wp\/v2\/posts\/63557\/revisions\/63559"}],"wp:featuredmedia":[{"embeddable":true,"href":"https:\/\/lestracesdelinfo.com\/index.php\/wp-json\/wp\/v2\/media\/63558"}],"wp:attachment":[{"href":"https:\/\/lestracesdelinfo.com\/index.php\/wp-json\/wp\/v2\/media?parent=63557"}],"wp:term":[{"taxonomy":"category","embeddable":true,"href":"https:\/\/lestracesdelinfo.com\/index.php\/wp-json\/wp\/v2\/categories?post=63557"},{"taxonomy":"post_tag","embeddable":true,"href":"https:\/\/lestracesdelinfo.com\/index.php\/wp-json\/wp\/v2\/tags?post=63557"}],"curies":[{"name":"wp","href":"https:\/\/api.w.org\/{rel}","templated":true}]}}