{"id":63570,"date":"2025-12-05T09:11:49","date_gmt":"2025-12-05T09:11:49","guid":{"rendered":"https:\/\/lestracesdelinfo.com\/?p=63570"},"modified":"2025-12-05T09:12:19","modified_gmt":"2025-12-05T09:12:19","slug":"la-commission-ministerielle-chargee-de-loperation-ramadan-discute-du-plan-dexecution-pour-lannee-2026","status":"publish","type":"post","link":"https:\/\/lestracesdelinfo.com\/index.php\/2025\/12\/05\/la-commission-ministerielle-chargee-de-loperation-ramadan-discute-du-plan-dexecution-pour-lannee-2026\/","title":{"rendered":"La commission minist\u00e9rielle charg\u00e9e de l\u2019op\u00e9ration Ramadan discute du plan d\u2019ex\u00e9cution pour l\u2019ann\u00e9e 2026"},"content":{"rendered":"\n<p>AMI<\/p>\n\n\n\n<figure class=\"wp-block-image\"><a class=\"post-thumbnail open-lightbox\" href=\"https:\/\/ami.mr\/fr\/wp-content\/uploads\/2025\/12\/%D8%B1%D9%85%D8%B6%D8%A7%D9%86.jpg\"><img decoding=\"async\" src=\"https:\/\/ami.mr\/fr\/wp-content\/uploads\/2025\/12\/%D8%B1%D9%85%D8%B6%D8%A7%D9%86-750x430.jpg\" alt=\"\"\/><\/a><\/figure>\n\n\n\n<p>La Primature a accueilli, ce jeudi, la r\u00e9union de la commission minist\u00e9rielle charg\u00e9e de l\u2019op\u00e9ration Ramadan 2026, sous la pr\u00e9sidence de Son Excellence le Premier ministre, M. El Moctar Ould Djay. Cette r\u00e9union s\u2019inscrit dans le cadre de la pr\u00e9paration anticip\u00e9e de l\u2019approvisionnement du march\u00e9 national en produits de consommation pendant le mois sacr\u00e9, conform\u00e9ment aux directives de Son Excellence le Pr\u00e9sident de la R\u00e9publique, M. Mohamed Ould Cheikh El Ghazouani, visant \u00e0 soutenir les citoyens en g\u00e9n\u00e9ral et pendant le mois de Ramadan en particulier.<\/p>\n\n\n\n<p>Au cours de la r\u00e9union, un bilan de l\u2019ex\u00e9cution de l\u2019op\u00e9ration d\u2019approvisionnement du march\u00e9 local pendant la saison du Ramadan 2025 a \u00e9t\u00e9 pr\u00e9sent\u00e9, ainsi que les r\u00e9sultats positifs enregistr\u00e9s, en plus d\u2019un diagnostic des lacunes qui doivent \u00eatre surmont\u00e9es et corrig\u00e9es au cours de la prochaine phase.<\/p>\n\n\n\n<p>Son Excellence le Premier ministre a exprim\u00e9 sa satisfaction quant aux r\u00e9sultats importants obtenus lors de l\u2019op\u00e9ration pr\u00e9c\u00e9dente et au travail remarquable accompli gr\u00e2ce \u00e0 la coop\u00e9ration et \u00e0 la coordination \u00e9troites entre les secteurs concern\u00e9s et le secteur priv\u00e9 \u00e0 toutes les \u00e9tapes de l\u2019ex\u00e9cution.<\/p>\n\n\n\n<p>Il convient de noter que l\u2019op\u00e9ration consiste \u00e0 fournir des produits subventionn\u00e9s dont l\u2019\u00c9tat supporte le co\u00fbt sur ses propres d\u00e9penses, ainsi que d\u2019autres produits que les autorit\u00e9s veillent \u00e0 rendre disponibles tout au long du mois sacr\u00e9 et \u00e0 suivre leurs prix de mani\u00e8re \u00e0 garantir la fluidit\u00e9 de l\u2019op\u00e9ration dans toutes ses dimensions.<\/p>\n\n\n\n<p>Quant \u00e0 l\u2019op\u00e9ration des foires, c\u2019est l\u2019une des am\u00e9liorations introduites lors de l\u2019op\u00e9ration Ramadan pr\u00e9c\u00e9dente. Il s\u2019agit d\u2019une composante g\u00e9r\u00e9e avec l\u2019Union nationale du patronat de Mauritanie, et elle vise \u00e0 garantir la disponibilit\u00e9 des besoins des citoyens en divers produits essentiels, permettant \u00e0 chaque citoyen d\u2019obtenir ce dont il a besoin \u00e0 des prix raisonnables et de r\u00e9duire ses d\u00e9placements entre les march\u00e9s.<\/p>\n\n\n\n<p>Son Excellence le Premier ministre a enjoint les secteurs concern\u00e9s et le secteur priv\u00e9, chacun en ce qui le concerne, de poursuivre la coordination et de prendre les mesures et dispositions n\u00e9cessaires pour garantir le lancement de l\u2019op\u00e9ration dans les meilleures conditions, en insistant sur la n\u00e9cessit\u00e9 de respecter les normes de qualit\u00e9 et de renforcer le contr\u00f4le pour limiter toutes les formes de sp\u00e9culation et de pratiques illicites qui pourraient affecter n\u00e9gativement la disponibilit\u00e9 des produits ou la stabilit\u00e9 des prix, avec la n\u00e9cessit\u00e9 que toutes les \u00e9tapes de l\u2019op\u00e9ration se d\u00e9roulent dans le respect total des proc\u00e9dures \u00e9tablies.<\/p>\n\n\n\n<p><a href=\"https:\/\/www.facebook.com\/sharer\/sharer.php?u=https%3A%2F%2Fami.mr%2Ffr%2Farchives%2F284824\" rel=\"noreferrer noopener\" target=\"_blank\"><\/a><a href=\"https:\/\/twitter.com\/intent\/tweet?text=La%20commission%20minist%C3%A9rielle%20charg%C3%A9e%20de%20l%27op%C3%A9ration%20Ramadan%20discute%20du%20plan%20d%27ex%C3%A9cution%20pour%20l%27ann%C3%A9e%202026&amp;url=https%3A%2F%2Fami.mr%2Ffr%2Farchives%2F284824\" rel=\"noreferrer noopener\" target=\"_blank\"><\/a><a href=\"https:\/\/api.whatsapp.com\/send?text=La%20commission%20minist%C3%A9rielle%20charg%C3%A9e%20de%20l%27op%C3%A9ration%20Ramadan%20discute%20du%20plan%20d%27ex%C3%A9cution%20pour%20l%27ann%C3%A9e%202026%20https%3A%2F%2Fami.mr%2Ffr%2Farchives%2F284824\" rel=\"noreferrer noopener\" target=\"_blank\"><\/a><a href=\"https:\/\/www.instagram.com\/\" rel=\"noreferrer noopener\" target=\"_blank\"><\/a><a href=\"https:\/\/ami.mr\/fr\/archives\/284824\"><\/a><\/p>\n","protected":false},"excerpt":{"rendered":"<p>AMI La Primature a accueilli, ce jeudi, la r\u00e9union de la commission minist\u00e9rielle charg\u00e9e de l\u2019op\u00e9ration Ramadan 2026, sous la pr\u00e9sidence de Son Excellence le Premier ministre, M. El Moctar Ould Djay. Cette r\u00e9union s\u2019inscrit dans le cadre de la pr\u00e9paration anticip\u00e9e de l\u2019approvisionnement du march\u00e9 national en produits de consommation pendant le mois sacr\u00e9, [&hellip;]<\/p>\n","protected":false},"author":2,"featured_media":63571,"comment_status":"open","ping_status":"open","sticky":false,"template":"","format":"standard","meta":{"footnotes":""},"categories":[1449],"tags":[],"class_list":["post-63570","post","type-post","status-publish","format-standard","has-post-thumbnail","hentry","category-national"],"_links":{"self":[{"href":"https:\/\/lestracesdelinfo.com\/index.php\/wp-json\/wp\/v2\/posts\/63570","targetHints":{"allow":["GET"]}}],"collection":[{"href":"https:\/\/lestracesdelinfo.com\/index.php\/wp-json\/wp\/v2\/posts"}],"about":[{"href":"https:\/\/lestracesdelinfo.com\/index.php\/wp-json\/wp\/v2\/types\/post"}],"author":[{"embeddable":true,"href":"https:\/\/lestracesdelinfo.com\/index.php\/wp-json\/wp\/v2\/users\/2"}],"replies":[{"embeddable":true,"href":"https:\/\/lestracesdelinfo.com\/index.php\/wp-json\/wp\/v2\/comments?post=63570"}],"version-history":[{"count":2,"href":"https:\/\/lestracesdelinfo.com\/index.php\/wp-json\/wp\/v2\/posts\/63570\/revisions"}],"predecessor-version":[{"id":63573,"href":"https:\/\/lestracesdelinfo.com\/index.php\/wp-json\/wp\/v2\/posts\/63570\/revisions\/63573"}],"wp:featuredmedia":[{"embeddable":true,"href":"https:\/\/lestracesdelinfo.com\/index.php\/wp-json\/wp\/v2\/media\/63571"}],"wp:attachment":[{"href":"https:\/\/lestracesdelinfo.com\/index.php\/wp-json\/wp\/v2\/media?parent=63570"}],"wp:term":[{"taxonomy":"category","embeddable":true,"href":"https:\/\/lestracesdelinfo.com\/index.php\/wp-json\/wp\/v2\/categories?post=63570"},{"taxonomy":"post_tag","embeddable":true,"href":"https:\/\/lestracesdelinfo.com\/index.php\/wp-json\/wp\/v2\/tags?post=63570"}],"curies":[{"name":"wp","href":"https:\/\/api.w.org\/{rel}","templated":true}]}}