{"id":63774,"date":"2026-01-01T23:00:23","date_gmt":"2026-01-01T23:00:23","guid":{"rendered":"https:\/\/lestracesdelinfo.com\/?p=63774"},"modified":"2026-01-01T23:00:27","modified_gmt":"2026-01-01T23:00:27","slug":"madagascar-randrianirina-trace-les-priorites-de-2026","status":"publish","type":"post","link":"https:\/\/lestracesdelinfo.com\/index.php\/2026\/01\/01\/madagascar-randrianirina-trace-les-priorites-de-2026\/","title":{"rendered":"Madagascar : Randrianirina trace les priorit\u00e9s de 2026"},"content":{"rendered":"\n<p><img loading=\"lazy\" decoding=\"async\" width=\"32\" height=\"32\" srcset=\"https:\/\/fr.apanews.net\/wp-content\/uploads\/sites\/2\/2023\/09\/APA-Ico-48x48.png 48w, https:\/\/fr.apanews.net\/wp-content\/uploads\/sites\/2\/2023\/09\/APA-Ico-300x300.png 300w, https:\/\/fr.apanews.net\/wp-content\/uploads\/sites\/2\/2023\/09\/APA-Ico-150x150.png 150w, https:\/\/fr.apanews.net\/wp-content\/uploads\/sites\/2\/2023\/09\/APA-Ico-70x70.png 70w, https:\/\/fr.apanews.net\/wp-content\/uploads\/sites\/2\/2023\/09\/APA-Ico-450x450.png 450w, https:\/\/fr.apanews.net\/wp-content\/uploads\/sites\/2\/2023\/09\/APA-Ico-24x24.png 24w, https:\/\/fr.apanews.net\/wp-content\/uploads\/sites\/2\/2023\/09\/APA-Ico-96x96.png 96w, https:\/\/fr.apanews.net\/wp-content\/uploads\/sites\/2\/2023\/09\/APA-Ico.png 512w\" src=\"https:\/\/fr.apanews.net\/wp-content\/uploads\/sites\/2\/2023\/09\/APA-Ico-48x48.png\" alt=\"APA-Antananarivo (Madagascar)\"><a>APA-Antananarivo (Madagascar<\/a><\/p>\n\n\n\n<figure class=\"wp-block-image\"><img decoding=\"async\" src=\"https:\/\/fr.apanews.net\/wp-content\/uploads\/sites\/2\/2025\/12\/340820-1024x504.png\" alt=\"\" title=\"Madagascar : Randrianirina trace les priorit\u00e9s de 2026\"\/><\/figure>\n\n\n\n<p>Partager<\/p>\n\n\n\n<p><a href=\"https:\/\/www.facebook.com\/sharer.php?u=https%3A%2F%2Ffr.apanews.net%2Fnews%2Fmadagascar-randrianirina-trace-les-priorites-de-2026%2F\" target=\"_blank\" rel=\"noreferrer noopener\"><\/a><a href=\"https:\/\/twitter.com\/intent\/tweet?url=https%3A%2F%2Ffr.apanews.net%2Fnews%2Fmadagascar-randrianirina-trace-les-priorites-de-2026%2F&amp;text=Madagascar%20%3A%20Randrianirina%20trace%20les%20priorit%C3%A9s%20de%202026\" target=\"_blank\" rel=\"noreferrer noopener\"><\/a><a href=\"https:\/\/wa.me\/?text=Madagascar%20%3A%20Randrianirina%20trace%20les%20priorit%C3%A9s%20de%202026%20https%3A%2F%2Ffr.apanews.net%2Fnews%2Fmadagascar-randrianirina-trace-les-priorites-de-2026%2F\" target=\"_blank\" rel=\"noreferrer noopener\"><\/a><a href=\"mailto:?subject=Madagascar%20%3A%20Randrianirina%20trace%20les%20priorit%C3%A9s%20de%202026&amp;body=https%3A%2F%2Ffr.apanews.net%2Fnews%2Fmadagascar-randrianirina-trace-les-priorites-de-2026%2F\" target=\"_blank\" rel=\"noreferrer noopener\"><\/a><a href=\"https:\/\/www.linkedin.com\/shareArticle?mini=true&amp;url=https%3A%2F%2Ffr.apanews.net%2Fnews%2Fmadagascar-randrianirina-trace-les-priorites-de-2026%2F\" target=\"_blank\" rel=\"noreferrer noopener\"><\/a><a href=\"https:\/\/t.me\/share\/url?url=https%3A%2F%2Ffr.apanews.net%2Fnews%2Fmadagascar-randrianirina-trace-les-priorites-de-2026%2F&amp;title=Madagascar%20%3A%20Randrianirina%20trace%20les%20priorit%C3%A9s%20de%202026\" target=\"_blank\" rel=\"noreferrer noopener\"><\/a><\/p>\n\n\n\n<p><strong>Le pr\u00e9sident malgache Micha\u00ebl Randrianirina a pr\u00e9sent\u00e9, mardi, ses v\u0153ux de Nouvel An en dressant le bilan de 2025, marqu\u00e9 par des avanc\u00e9es dans l\u2019\u00e9nergie, l\u2019\u00e9ducation et les infrastructures, tout en d\u00e9voilant un ambitieux programme de modernisation pour 2026, d\u00e9cr\u00e9t\u00e9e \u00ab&nbsp;<em>ann\u00e9e du Peuple malgache<\/em>&nbsp;\u00bb.<\/strong><\/p>\n\n\n\n<p>Dans son message \u00e0 la nation prononc\u00e9 le 31 d\u00e9cembre 2025, le pr\u00e9sident de la R\u00e9publique de Madagascar, Micha\u00ebl Randrianirina, a salu\u00e9 les progr\u00e8s enregistr\u00e9s au cours de l\u2019ann\u00e9e \u00e9coul\u00e9e et appel\u00e9 \u00e0 une mobilisation nationale pour concr\u00e9tiser les priorit\u00e9s de d\u00e9veloppement en 2026.<\/p>\n\n\n\n<p>\u00ab&nbsp;<em>Madagascar a fait un pas en avant et les espoirs du peuple malgache se concr\u00e9tisent progressivement<\/em>&nbsp;\u00bb, a d\u00e9clar\u00e9 le chef de l\u2019\u00c9tat malgache, estimant que \u00ab<em>&nbsp;la nation retrouve vigueur et vitalit\u00e9 pour aller de l\u2019avant<\/em>&nbsp;\u00bb.<\/p>\n\n\n\n<p>Sur le plan \u00e9nerg\u00e9tique, le pr\u00e9sident a annonc\u00e9 la mise \u00e0 disposition prochaine de 30 m\u00e9gawatts suppl\u00e9mentaires \u00e0 Antananarivo \u00e0 partir de sources nationales et renouvelables, auxquels s\u2019ajoutent 20 MW issus de trois centrales solaires dans la zone de la JIRAMA, avec 28 transformateurs d\u00e9j\u00e0 install\u00e9s. Il a \u00e9galement mis en avant la contribution des universit\u00e9s \u00e0 la production d\u2019\u00e9quipements solaires et de mat\u00e9riels connexes.<\/p>\n\n\n\n<p>Des projets hydro\u00e9lectriques sont en cours dans les districts de Betroka, Ambovombe et Ihosy. Selon le chef de l\u2019\u00c9tat, les difficult\u00e9s d\u2019approvisionnement en \u00e9lectricit\u00e9 devraient \u00eatre r\u00e9solues d\u2019ici 2026, notamment avec l\u2019avancement des projets de Sahofika et de Volobe.<\/p>\n\n\n\n<p>Dans le secteur de l\u2019\u00e9ducation, le gouvernement pr\u00e9voit la construction de forages pour l\u2019alimentation en eau de sept universit\u00e9s nationales, la mise \u00e0 disposition d\u2019environ 130 photocopieurs dans deux r\u00e9gions et la distribution de plus de 215 000 ouvrages \u00e0 des stations de radio. Ces mesures visent, selon le pr\u00e9sident malgache, \u00e0 renforcer les capacit\u00e9s de formation.<\/p>\n\n\n\n<p>Abordant la stabilit\u00e9 sociale, Micha\u00ebl Randrianirina a rappel\u00e9 plusieurs d\u00e9cisions prises en 2025, dont des restrictions sur certains d\u00e9placements, ainsi que l\u2019interdiction de manifestations sociales et politiques, affirmant que toute tentative de d\u00e9stabilisation de l\u2019\u00c9tat serait trait\u00e9e comme un acte de r\u00e9bellion.<\/p>\n\n\n\n<p>Pour 2026, qualifi\u00e9e \u00ab&nbsp;<em>ann\u00e9e du Peuple malgache<\/em>&nbsp;\u00bb, le pr\u00e9sident a annonc\u00e9 un programme ax\u00e9 sur le renforcement de la s\u00e9curit\u00e9 sociale, l\u2019am\u00e9lioration du syst\u00e8me de sant\u00e9, l\u2019extension de l\u2019acc\u00e8s \u00e0 internet dans les \u00e9tablissements d\u2019enseignement, l\u2019\u00e9lectrification rurale, la lutte contre la fraude, la modernisation des infrastructures de transport et du syst\u00e8me judiciaire, ainsi que la digitalisation de l\u2019administration, incluant l\u2019identification biom\u00e9trique.<\/p>\n\n\n\n<p>Appelant \u00e0 l\u2019engagement collectif, le chef de l\u2019\u00c9tat a soulign\u00e9 que \u00ab&nbsp;<em>les talents et les comp\u00e9tences sont aussi essentiels que les r\u00e9alisations \u00bb,&nbsp;<\/em>avant de r\u00e9affirmer sa d\u00e9termination \u00e0 poursuivre les r\u00e9formes<em>&nbsp;\u00ab avec l\u2019appui du peuple malgache<\/em>&nbsp;\u00bb.<\/p>\n\n\n\n<p>Arriv\u00e9 au pouvoir \u00e0 la suite du d\u00e9part d\u2019Andry Rajoelina, le colonel Micha\u00ebl Randrianirina a acc\u00e9d\u00e9 \u00e0 la magistrature supr\u00eame dans un contexte de fortes tensions sociales. La chute de son pr\u00e9d\u00e9cesseur avait \u00e9t\u00e9 acc\u00e9l\u00e9r\u00e9e par un vaste soul\u00e8vement populaire, nourri par des revendications socio-\u00e9conomiques et largement port\u00e9 par la g\u00e9n\u00e9ration Z, particuli\u00e8rement mobilis\u00e9e \u00e0 travers les r\u00e9seaux sociaux et les mouvements de rue.<\/p>\n\n\n\n<p><strong>AC\/Sf\/APA<\/strong><\/p>\n","protected":false},"excerpt":{"rendered":"<p>APA-Antananarivo (Madagascar Partager Le pr\u00e9sident malgache Micha\u00ebl Randrianirina a pr\u00e9sent\u00e9, mardi, ses v\u0153ux de Nouvel An en dressant le bilan de 2025, marqu\u00e9 par des avanc\u00e9es dans l\u2019\u00e9nergie, l\u2019\u00e9ducation et les infrastructures, tout en d\u00e9voilant un ambitieux programme de modernisation pour 2026, d\u00e9cr\u00e9t\u00e9e \u00ab&nbsp;ann\u00e9e du Peuple malgache&nbsp;\u00bb. Dans son message \u00e0 la nation prononc\u00e9 le [&hellip;]<\/p>\n","protected":false},"author":2,"featured_media":63775,"comment_status":"open","ping_status":"open","sticky":false,"template":"","format":"standard","meta":{"footnotes":""},"categories":[1447],"tags":[],"class_list":["post-63774","post","type-post","status-publish","format-standard","has-post-thumbnail","hentry","category-afrique"],"_links":{"self":[{"href":"https:\/\/lestracesdelinfo.com\/index.php\/wp-json\/wp\/v2\/posts\/63774","targetHints":{"allow":["GET"]}}],"collection":[{"href":"https:\/\/lestracesdelinfo.com\/index.php\/wp-json\/wp\/v2\/posts"}],"about":[{"href":"https:\/\/lestracesdelinfo.com\/index.php\/wp-json\/wp\/v2\/types\/post"}],"author":[{"embeddable":true,"href":"https:\/\/lestracesdelinfo.com\/index.php\/wp-json\/wp\/v2\/users\/2"}],"replies":[{"embeddable":true,"href":"https:\/\/lestracesdelinfo.com\/index.php\/wp-json\/wp\/v2\/comments?post=63774"}],"version-history":[{"count":1,"href":"https:\/\/lestracesdelinfo.com\/index.php\/wp-json\/wp\/v2\/posts\/63774\/revisions"}],"predecessor-version":[{"id":63776,"href":"https:\/\/lestracesdelinfo.com\/index.php\/wp-json\/wp\/v2\/posts\/63774\/revisions\/63776"}],"wp:featuredmedia":[{"embeddable":true,"href":"https:\/\/lestracesdelinfo.com\/index.php\/wp-json\/wp\/v2\/media\/63775"}],"wp:attachment":[{"href":"https:\/\/lestracesdelinfo.com\/index.php\/wp-json\/wp\/v2\/media?parent=63774"}],"wp:term":[{"taxonomy":"category","embeddable":true,"href":"https:\/\/lestracesdelinfo.com\/index.php\/wp-json\/wp\/v2\/categories?post=63774"},{"taxonomy":"post_tag","embeddable":true,"href":"https:\/\/lestracesdelinfo.com\/index.php\/wp-json\/wp\/v2\/tags?post=63774"}],"curies":[{"name":"wp","href":"https:\/\/api.w.org\/{rel}","templated":true}]}}