{"id":63901,"date":"2026-01-09T12:43:45","date_gmt":"2026-01-09T12:43:45","guid":{"rendered":"https:\/\/lestracesdelinfo.com\/?p=63901"},"modified":"2026-01-09T12:44:16","modified_gmt":"2026-01-09T12:44:16","slug":"dialogue-politique-un-cadre-de-supervision-et-des-commissions-thematiques-proposes","status":"publish","type":"post","link":"https:\/\/lestracesdelinfo.com\/index.php\/2026\/01\/09\/dialogue-politique-un-cadre-de-supervision-et-des-commissions-thematiques-proposes\/","title":{"rendered":"Dialogue politique : un cadre de supervision et des commissions th\u00e9matiques propos\u00e9s"},"content":{"rendered":"\n<p>Source :\u00a0<strong><a href=\"https:\/\/shemsmaarif.info\/archives\/3912\" target=\"_blank\" rel=\"noreferrer noopener\">Shems Maarif &#8211; Mauritanie<\/a><\/strong><\/p>\n\n\n\n<figure class=\"wp-block-image\"><a href=\"https:\/\/shemsmaarif.info\/archives\/3912\"><img decoding=\"async\" src=\"https:\/\/shemsmaarif.info\/wp-content\/uploads\/2026\/01\/d7b37adc-507b-41e9-afa7-5dad7b932bf4.jpeg\" alt=\"Dialogue politique : un cadre de supervision et des commissions th\u00e9matiques propos\u00e9s\"\/><\/a><\/figure>\n\n\n\n<p>Les participants \u00e0 la r\u00e9union tenue aujourd\u2019hui au palais pr\u00e9sidentiel, dans le cadre des pr\u00e9paratifs du dialogue politique, ont re\u00e7u un document pr\u00e9sentant une proposition de cadre organisationnel pour la conduite du dialogue. Ce cadre pourrait prendre la forme d\u2019une instance de supervision charg\u00e9e d\u2019en assurer le pilotage.<\/p>\n\n\n\n<p>Selon le document, cette instance serait <strong>compos\u00e9e de 14 \u00e0 18 membres, a<\/strong>vec une repr\u00e9sentation \u00e9quilibr\u00e9e entre les partis de la majorit\u00e9 et de l\u2019opposition, aux c\u00f4t\u00e9s de repr\u00e9sentants de la soci\u00e9t\u00e9 civile et de personnalit\u00e9s ind\u00e9pendantes, parmi lesquelles figurerait le coordinateur du dialogue.<\/p>\n\n\n\n<p>Le texte d\u00e9finit les missions de cette instance, notamment la mise en place de six commissions th\u00e9matiques. Celles-ci seraient charg\u00e9es de superviser les d\u00e9bats relatifs \u00e0 l\u2019unit\u00e9 nationale, \u00e0 la gouvernance, au mod\u00e8le d\u00e9mocratique, \u00e0 l\u2019int\u00e9gration, au suivi des conclusions du dialogue, ainsi qu\u2019\u00e0 la strat\u00e9gie de communication.<\/p>\n\n\n\n<p>Le document pr\u00e9voit \u00e9galement que l\u2019instance fixe les conditions de participation aux ateliers de travail, en d\u00e9terminant le nombre de participants et en examinant les candidatures des organisations et des individus souhaitant y prendre part, afin de garantir la cr\u00e9dibilit\u00e9 des participants et la qualit\u00e9 des \u00e9changes.<\/p>\n\n\n\n<p>Par ailleurs, l\u2019instance aurait pour r\u00f4le de valider les responsables de l\u2019animation des d\u00e9bats, de veiller au bon d\u00e9roulement des discussions et, en cas de d\u00e9saccords, de faciliter le rapprochement des positions.<\/p>\n\n\n\n<p>Enfin, le cadre propos\u00e9 confie \u00e0 l\u2019instance de supervision la mission d\u2019\u00e9laborer un m\u00e9canisme de suivi des r\u00e9sultats du dialogue national et d\u2019assurer une communication r\u00e9guli\u00e8re sur l\u2019avancement du processus.<\/p>\n\n\n\n<p>Source :\u00a0<strong><a href=\"https:\/\/shemsmaarif.info\/archives\/3912\" target=\"_blank\" rel=\"noreferrer noopener\">Shems Maarif &#8211; Mauritanie<\/a><\/strong><\/p>\n","protected":false},"excerpt":{"rendered":"<p>Source :\u00a0Shems Maarif &#8211; Mauritanie Les participants \u00e0 la r\u00e9union tenue aujourd\u2019hui au palais pr\u00e9sidentiel, dans le cadre des pr\u00e9paratifs du dialogue politique, ont re\u00e7u un document pr\u00e9sentant une proposition de cadre organisationnel pour la conduite du dialogue. Ce cadre pourrait prendre la forme d\u2019une instance de supervision charg\u00e9e d\u2019en assurer le pilotage. Selon le [&hellip;]<\/p>\n","protected":false},"author":2,"featured_media":63902,"comment_status":"open","ping_status":"open","sticky":false,"template":"","format":"standard","meta":{"footnotes":""},"categories":[1306],"tags":[],"class_list":["post-63901","post","type-post","status-publish","format-standard","has-post-thumbnail","hentry","category-politique-general-politique-general"],"_links":{"self":[{"href":"https:\/\/lestracesdelinfo.com\/index.php\/wp-json\/wp\/v2\/posts\/63901","targetHints":{"allow":["GET"]}}],"collection":[{"href":"https:\/\/lestracesdelinfo.com\/index.php\/wp-json\/wp\/v2\/posts"}],"about":[{"href":"https:\/\/lestracesdelinfo.com\/index.php\/wp-json\/wp\/v2\/types\/post"}],"author":[{"embeddable":true,"href":"https:\/\/lestracesdelinfo.com\/index.php\/wp-json\/wp\/v2\/users\/2"}],"replies":[{"embeddable":true,"href":"https:\/\/lestracesdelinfo.com\/index.php\/wp-json\/wp\/v2\/comments?post=63901"}],"version-history":[{"count":1,"href":"https:\/\/lestracesdelinfo.com\/index.php\/wp-json\/wp\/v2\/posts\/63901\/revisions"}],"predecessor-version":[{"id":63903,"href":"https:\/\/lestracesdelinfo.com\/index.php\/wp-json\/wp\/v2\/posts\/63901\/revisions\/63903"}],"wp:featuredmedia":[{"embeddable":true,"href":"https:\/\/lestracesdelinfo.com\/index.php\/wp-json\/wp\/v2\/media\/63902"}],"wp:attachment":[{"href":"https:\/\/lestracesdelinfo.com\/index.php\/wp-json\/wp\/v2\/media?parent=63901"}],"wp:term":[{"taxonomy":"category","embeddable":true,"href":"https:\/\/lestracesdelinfo.com\/index.php\/wp-json\/wp\/v2\/categories?post=63901"},{"taxonomy":"post_tag","embeddable":true,"href":"https:\/\/lestracesdelinfo.com\/index.php\/wp-json\/wp\/v2\/tags?post=63901"}],"curies":[{"name":"wp","href":"https:\/\/api.w.org\/{rel}","templated":true}]}}