{"id":63951,"date":"2026-01-17T09:00:55","date_gmt":"2026-01-17T09:00:55","guid":{"rendered":"https:\/\/lestracesdelinfo.com\/?p=63951"},"modified":"2026-01-17T09:02:14","modified_gmt":"2026-01-17T09:02:14","slug":"can-2025-un-ballon-special-pour-la-finale-maroc-senegal","status":"publish","type":"post","link":"https:\/\/lestracesdelinfo.com\/index.php\/2026\/01\/17\/can-2025-un-ballon-special-pour-la-finale-maroc-senegal\/","title":{"rendered":"CAN 2025 : un ballon sp\u00e9cial pour la finale Maroc\u2013S\u00e9n\u00e9gal"},"content":{"rendered":"\n<p><img loading=\"lazy\" decoding=\"async\" width=\"32\" height=\"32\" src=\"https:\/\/fr.apanews.net\/wp-content\/uploads\/sites\/2\/2023\/09\/APA-Ico-48x48.png\" alt=\"APA-Rabat (Maroc)\" srcset=\"https:\/\/fr.apanews.net\/wp-content\/uploads\/sites\/2\/2023\/09\/APA-Ico-48x48.png 48w, https:\/\/fr.apanews.net\/wp-content\/uploads\/sites\/2\/2023\/09\/APA-Ico-300x300.png 300w, https:\/\/fr.apanews.net\/wp-content\/uploads\/sites\/2\/2023\/09\/APA-Ico-150x150.png 150w, https:\/\/fr.apanews.net\/wp-content\/uploads\/sites\/2\/2023\/09\/APA-Ico-70x70.png 70w, https:\/\/fr.apanews.net\/wp-content\/uploads\/sites\/2\/2023\/09\/APA-Ico-450x450.png 450w, https:\/\/fr.apanews.net\/wp-content\/uploads\/sites\/2\/2023\/09\/APA-Ico-24x24.png 24w, https:\/\/fr.apanews.net\/wp-content\/uploads\/sites\/2\/2023\/09\/APA-Ico-96x96.png 96w, https:\/\/fr.apanews.net\/wp-content\/uploads\/sites\/2\/2023\/09\/APA-Ico.png 512w\"><a>APA-Rabat (Maroc)<\/a>16 janvier 2026 | 12:19<\/p>\n\n\n\n<figure class=\"wp-block-image\"><img decoding=\"async\" src=\"https:\/\/fr.apanews.net\/wp-content\/uploads\/sites\/2\/2026\/01\/381373-1024x538.jpg\" alt=\"\" title=\"CAN 2025 : un ballon sp\u00e9cial pour la finale Maroc\u2013S\u00e9n\u00e9gal\"\/><\/figure>\n\n\n\n<p><a href=\"https:\/\/www.facebook.com\/sharer.php?u=https%3A%2F%2Ffr.apanews.net%2Fnews%2Fcan-2025-un-ballon-special-pour-la-finale-maroc-senegal%2F\" target=\"_blank\" rel=\"noreferrer noopener\"><\/a><a href=\"https:\/\/twitter.com\/intent\/tweet?url=https%3A%2F%2Ffr.apanews.net%2Fnews%2Fcan-2025-un-ballon-special-pour-la-finale-maroc-senegal%2F&amp;text=CAN%202025%20%3A%20un%20ballon%20sp%C3%A9cial%20pour%20la%20finale%20Maroc%E2%80%93S%C3%A9n%C3%A9gal\" target=\"_blank\" rel=\"noreferrer noopener\"><\/a><a href=\"https:\/\/wa.me\/?text=CAN%202025%20%3A%20un%20ballon%20sp%C3%A9cial%20pour%20la%20finale%20Maroc%E2%80%93S%C3%A9n%C3%A9gal%20https%3A%2F%2Ffr.apanews.net%2Fnews%2Fcan-2025-un-ballon-special-pour-la-finale-maroc-senegal%2F\" target=\"_blank\" rel=\"noreferrer noopener\"><\/a><a href=\"mailto:?subject=CAN%202025%20%3A%20un%20ballon%20sp%C3%A9cial%20pour%20la%20finale%20Maroc%E2%80%93S%C3%A9n%C3%A9gal&amp;body=https%3A%2F%2Ffr.apanews.net%2Fnews%2Fcan-2025-un-ballon-special-pour-la-finale-maroc-senegal%2F\" target=\"_blank\" rel=\"noreferrer noopener\"><\/a><a href=\"https:\/\/www.linkedin.com\/shareArticle?mini=true&amp;url=https%3A%2F%2Ffr.apanews.net%2Fnews%2Fcan-2025-un-ballon-special-pour-la-finale-maroc-senegal%2F\" target=\"_blank\" rel=\"noreferrer noopener\"><\/a><a href=\"https:\/\/t.me\/share\/url?url=https%3A%2F%2Ffr.apanews.net%2Fnews%2Fcan-2025-un-ballon-special-pour-la-finale-maroc-senegal%2F&amp;title=CAN%202025%20%3A%20un%20ballon%20sp%C3%A9cial%20pour%20la%20finale%20Maroc%E2%80%93S%C3%A9n%C3%A9gal\" target=\"_blank\" rel=\"noreferrer noopener\"><\/a><strong>La Conf\u00e9d\u00e9ration africaine de football (CAF) et son partenaire technique PUMA ont pr\u00e9sent\u00e9, vendredi, une \u00e9dition sp\u00e9ciale du ballon officiel de la TotalEnergies Coupe d\u2019Afrique des nations (CAN) Maroc 2025, destin\u00e9e \u00e0 la finale pr\u00e9vue dimanche entre le Maroc et le S\u00e9n\u00e9gal.<\/strong><\/p>\n\n\n\n<p>Selon les organisateurs, le ballon, baptis\u00e9 ITRI, sera utilis\u00e9 lors de l\u2019ultime rencontre de la comp\u00e9tition, programm\u00e9e <strong>au Stade Prince Moulay Abdellah de Rabat \u00e0 partir de 20h00 heure locale (19h00 GMT). Le pays h\u00f4te affrontera le S\u00e9n\u00e9gal pour la conqu\u00eate du titre continental.<\/strong><\/p>\n\n\n\n<p>Cette \u00e9dition comm\u00e9morative se distingue par des accents dor\u00e9s, con\u00e7us pour marquer le caract\u00e8re exceptionnel de la finale et symboliser la cons\u00e9cration du futur champion d\u2019Afrique. Elle vise \u00e9galement \u00e0 illustrer le passage de t\u00e9moin avec la C\u00f4te d\u2019Ivoire, tenante du titre.<\/p>\n\n\n\n<p>Le design du ballon s\u2019inspire des motifs g\u00e9om\u00e9triques traditionnels du zellij marocain, avec une \u00e9toile centrale, des formes florales stylis\u00e9es et une sym\u00e9trie circulaire, refl\u00e9tant l\u2019identit\u00e9 culturelle du pays organisateur, ont pr\u00e9cis\u00e9 les m\u00eames sources.<\/p>\n\n\n\n<p>Bas\u00e9 sur la technologie Orbita 6 d\u00e9velopp\u00e9e par PUMA, le ballon r\u00e9pond aux standards techniques exig\u00e9s pour les comp\u00e9titions internationales, tout en int\u00e9grant des \u00e9l\u00e9ments esth\u00e9tiques li\u00e9s au patrimoine africain, ont ajout\u00e9 les organisateurs.<\/p>\n\n\n\n<p>La finale opposera deux s\u00e9lec<strong>tions \u00e0 la recherche d\u2019un deuxi\u00e8me sacre continental. Le S\u00e9n\u00e9gal s\u2019est qualifi\u00e9 apr\u00e8s sa victoire face \u00e0 l\u2019\u00c9gypte (1-0) en demi-finale, tandis que le Maroc a d\u00e9croch\u00e9 son billet en \u00e9liminant le Nigeria \u00e0 l\u2019issue de la s\u00e9ance des tirs au <\/strong>but.<\/p>\n\n\n\n<p><strong>SS\/ac\/Sf\/APA<\/strong><\/p>\n","protected":false},"excerpt":{"rendered":"<p>APA-Rabat (Maroc)16 janvier 2026 | 12:19 La Conf\u00e9d\u00e9ration africaine de football (CAF) et son partenaire technique PUMA ont pr\u00e9sent\u00e9, vendredi, une \u00e9dition sp\u00e9ciale du ballon officiel de la TotalEnergies Coupe d\u2019Afrique des nations (CAN) Maroc 2025, destin\u00e9e \u00e0 la finale pr\u00e9vue dimanche entre le Maroc et le S\u00e9n\u00e9gal. Selon les organisateurs, le ballon, baptis\u00e9 ITRI, [&hellip;]<\/p>\n","protected":false},"author":2,"featured_media":63952,"comment_status":"open","ping_status":"open","sticky":false,"template":"","format":"standard","meta":{"footnotes":""},"categories":[7],"tags":[],"class_list":["post-63951","post","type-post","status-publish","format-standard","has-post-thumbnail","hentry","category-sports"],"_links":{"self":[{"href":"https:\/\/lestracesdelinfo.com\/index.php\/wp-json\/wp\/v2\/posts\/63951","targetHints":{"allow":["GET"]}}],"collection":[{"href":"https:\/\/lestracesdelinfo.com\/index.php\/wp-json\/wp\/v2\/posts"}],"about":[{"href":"https:\/\/lestracesdelinfo.com\/index.php\/wp-json\/wp\/v2\/types\/post"}],"author":[{"embeddable":true,"href":"https:\/\/lestracesdelinfo.com\/index.php\/wp-json\/wp\/v2\/users\/2"}],"replies":[{"embeddable":true,"href":"https:\/\/lestracesdelinfo.com\/index.php\/wp-json\/wp\/v2\/comments?post=63951"}],"version-history":[{"count":1,"href":"https:\/\/lestracesdelinfo.com\/index.php\/wp-json\/wp\/v2\/posts\/63951\/revisions"}],"predecessor-version":[{"id":63953,"href":"https:\/\/lestracesdelinfo.com\/index.php\/wp-json\/wp\/v2\/posts\/63951\/revisions\/63953"}],"wp:featuredmedia":[{"embeddable":true,"href":"https:\/\/lestracesdelinfo.com\/index.php\/wp-json\/wp\/v2\/media\/63952"}],"wp:attachment":[{"href":"https:\/\/lestracesdelinfo.com\/index.php\/wp-json\/wp\/v2\/media?parent=63951"}],"wp:term":[{"taxonomy":"category","embeddable":true,"href":"https:\/\/lestracesdelinfo.com\/index.php\/wp-json\/wp\/v2\/categories?post=63951"},{"taxonomy":"post_tag","embeddable":true,"href":"https:\/\/lestracesdelinfo.com\/index.php\/wp-json\/wp\/v2\/tags?post=63951"}],"curies":[{"name":"wp","href":"https:\/\/api.w.org\/{rel}","templated":true}]}}