{"id":63954,"date":"2026-01-18T14:05:26","date_gmt":"2026-01-18T14:05:26","guid":{"rendered":"https:\/\/lestracesdelinfo.com\/?p=63954"},"modified":"2026-01-18T14:05:28","modified_gmt":"2026-01-18T14:05:28","slug":"can-2025-senegal-maroc-vers-une-finale-fraternelle","status":"publish","type":"post","link":"https:\/\/lestracesdelinfo.com\/index.php\/2026\/01\/18\/can-2025-senegal-maroc-vers-une-finale-fraternelle\/","title":{"rendered":"CAN 2025 : S\u00e9n\u00e9gal-Maroc, vers une finale \u00ab\u202ffraternelle\u202f\u00bb"},"content":{"rendered":"\n<p><img loading=\"lazy\" decoding=\"async\" width=\"32\" height=\"32\" srcset=\"https:\/\/fr.apanews.net\/wp-content\/uploads\/sites\/2\/2023\/09\/APA-Ico-48x48.png 48w, https:\/\/fr.apanews.net\/wp-content\/uploads\/sites\/2\/2023\/09\/APA-Ico-300x300.png 300w, https:\/\/fr.apanews.net\/wp-content\/uploads\/sites\/2\/2023\/09\/APA-Ico-150x150.png 150w, https:\/\/fr.apanews.net\/wp-content\/uploads\/sites\/2\/2023\/09\/APA-Ico-70x70.png 70w, https:\/\/fr.apanews.net\/wp-content\/uploads\/sites\/2\/2023\/09\/APA-Ico-450x450.png 450w, https:\/\/fr.apanews.net\/wp-content\/uploads\/sites\/2\/2023\/09\/APA-Ico-24x24.png 24w, https:\/\/fr.apanews.net\/wp-content\/uploads\/sites\/2\/2023\/09\/APA-Ico-96x96.png 96w, https:\/\/fr.apanews.net\/wp-content\/uploads\/sites\/2\/2023\/09\/APA-Ico.png 512w\" src=\"https:\/\/fr.apanews.net\/wp-content\/uploads\/sites\/2\/2023\/09\/APA-Ico-48x48.png\" alt=\"APA-Dakar (S\u00e9n\u00e9gal)\"><a>APA-Dakar (S\u00e9n\u00e9gal)<\/a><\/p>\n\n\n\n<figure class=\"wp-block-image\"><img decoding=\"async\" src=\"https:\/\/fr.apanews.net\/wp-content\/uploads\/sites\/2\/2026\/01\/IMG-20251221-WA01181-1024x575.jpg\" alt=\"\" title=\"CAN 2025 : S\u00e9n\u00e9gal-Maroc, vers une finale \u00ab\u202ffraternelle\u202f\u00bb\"\/><\/figure>\n\n\n\n<p><a href=\"https:\/\/www.facebook.com\/sharer.php?u=https%3A%2F%2Ffr.apanews.net%2Fnews%2Fcan-2025-senegal-maroc-vers-une-finale-fraternelle%2F\" target=\"_blank\" rel=\"noreferrer noopener\"><\/a><a href=\"https:\/\/twitter.com\/intent\/tweet?url=https%3A%2F%2Ffr.apanews.net%2Fnews%2Fcan-2025-senegal-maroc-vers-une-finale-fraternelle%2F&amp;text=CAN%202025%20%3A%20S%C3%A9n%C3%A9gal-Maroc%2C%20vers%20une%20finale%20%C2%AB%E2%80%AFfraternelle%E2%80%AF%C2%BB\" target=\"_blank\" rel=\"noreferrer noopener\"><\/a><a href=\"https:\/\/wa.me\/?text=CAN%202025%20%3A%20S%C3%A9n%C3%A9gal-Maroc%2C%20vers%20une%20finale%20%C2%AB%E2%80%AFfraternelle%E2%80%AF%C2%BB%20https%3A%2F%2Ffr.apanews.net%2Fnews%2Fcan-2025-senegal-maroc-vers-une-finale-fraternelle%2F\" target=\"_blank\" rel=\"noreferrer noopener\"><\/a><a href=\"mailto:?subject=CAN%202025%20%3A%20S%C3%A9n%C3%A9gal-Maroc%2C%20vers%20une%20finale%20%C2%AB%E2%80%AFfraternelle%E2%80%AF%C2%BB&amp;body=https%3A%2F%2Ffr.apanews.net%2Fnews%2Fcan-2025-senegal-maroc-vers-une-finale-fraternelle%2F\" target=\"_blank\" rel=\"noreferrer noopener\"><\/a><a href=\"https:\/\/www.linkedin.com\/shareArticle?mini=true&amp;url=https%3A%2F%2Ffr.apanews.net%2Fnews%2Fcan-2025-senegal-maroc-vers-une-finale-fraternelle%2F\" target=\"_blank\" rel=\"noreferrer noopener\"><\/a><a href=\"https:\/\/t.me\/share\/url?url=https%3A%2F%2Ffr.apanews.net%2Fnews%2Fcan-2025-senegal-maroc-vers-une-finale-fraternelle%2F&amp;title=CAN%202025%20%3A%20S%C3%A9n%C3%A9gal-Maroc%2C%20vers%20une%20finale%20%C2%AB%E2%80%AFfraternelle%E2%80%AF%C2%BB\" target=\"_blank\" rel=\"noreferrer noopener\"><\/a><strong>Les autorit\u00e9s s\u00e9n\u00e9galaises et marocaines ont multipli\u00e9 les appels au fair-play et \u00e0 la fraternit\u00e9 \u00e0 quelques heures de la finale de la Coupe d\u2019Afrique des Nations qui oppose ce dimanche le S\u00e9n\u00e9gal au Maroc au stade Prince Moulay Abdellah \u00e0 Rabat.<\/strong><\/p>\n\n\n\n<p>Le S\u00e9n\u00e9gal et le Maroc ont conjointement appel\u00e9 ce week-end \u00e0 faire de la finale de la CAN 2026 une \u00ab<em>\u202fc\u00e9l\u00e9bration de la fraternit\u00e9\u202f<\/em>\u00bb entre deux peuples fr\u00e8res, au-del\u00e0 de la passion sportive l\u00e9gitime.<\/p>\n\n\n\n<p>Le Maroc affronte le S\u00e9n\u00e9gal apr\u00e8s avoir dispos\u00e9 du Nigeria en demi-finales, tandis que le S\u00e9n\u00e9gal a \u00e9limin\u00e9 l\u2019\u00c9gypte pour se qualifier pour cette rencontre d\u00e9cisive.<\/p>\n\n\n\n<p>Dans un communiqu\u00e9 publi\u00e9 samedi, le minist\u00e8re s\u00e9n\u00e9galais de l\u2019Int\u00e9gration africaine, des Affaires \u00e9trang\u00e8res et des S\u00e9n\u00e9galais de l\u2019Ext\u00e9rieur a soulign\u00e9 que cette finale sera avant tout \u00ab<em>\u202fl\u2019objet d\u2019une c\u00e9l\u00e9bration de la fraternit\u00e9 entre deux peuples unis par des liens historiques, \u00e9conomiques, humains et spirituels profonds\u202f<\/em>\u00bb.<\/p>\n\n\n\n<p>Le d\u00e9partement dirig\u00e9 par Cheikh Niang a rappel\u00e9 \u00ab<em>\u202fl\u2019excellence des relations s\u00e9culaires d\u2019amiti\u00e9 et de solidarit\u00e9 entre le S\u00e9n\u00e9gal et le Maroc\u202f\u00bb,<\/em>&nbsp;fond\u00e9es sur le respect mutuel et une vision partag\u00e9e des enjeux africains et internationaux, qui se sont \u00ab<em>\u202fconstamment renforc\u00e9es au fil des d\u00e9cennies\u202f<\/em>\u00bb.<\/p>\n\n\n\n<p>Les autorit\u00e9s s\u00e9n\u00e9galaises ont salu\u00e9 la \u00ab<em>\u202fcoop\u00e9ration exemplaire\u202f<\/em>\u00bb du Royaume du Maroc depuis le d\u00e9but de la CAN 2025 et se sont dites \u00ab<em>\u202fsatisfaites de la constance de cette attitude fraternelle<\/em>\u202f\u00bb, remerciant le gouvernement marocain pour son engagement.<\/p>\n\n\n\n<p>De son c\u00f4t\u00e9, l\u2019ambassade du Maroc \u00e0 Dakar a publi\u00e9 ce dimanche un communiqu\u00e9 appelant les Marocains r\u00e9sidant au S\u00e9n\u00e9gal \u00e0 vivre cette finale \u00ab<em>\u202fdans un esprit de fraternit\u00e9, de retenue et de responsabilit\u00e9<\/em>\u202f\u00bb.<\/p>\n\n\n\n<p>La repr\u00e9sentation diplomatique marocaine souligne que cette rencontre sportive \u00ab<em>\u202fs\u2019inscrit dans une relation fraternelle, ancienne et exceptionnelle\u202f<\/em>\u00bb entre les deux pays, qualifi\u00e9e de \u00ab<em>\u202fmod\u00e8le en Afrique\u202f<\/em>\u00bb.<\/p>\n\n\n\n<p>L\u2019ambassade salue \u00ab<em>\u202fla hauteur de vue, le sens des responsabilit\u00e9s et l\u2019esprit de fair-play\u202f<\/em>\u00bb des autorit\u00e9s des deux pays, sous la conduite du Roi Mohammed VI et du Pr\u00e9sident Bassirou Diomaye Diakhar Faye, pour leur \u00ab<em>\u202fengagement constant\u202f<\/em>\u00bb en faveur de \u00ab<em>\u202frelations solides, apais\u00e9es et strat\u00e9giques\u202f<\/em>\u00bb.<\/p>\n\n\n\n<p>Le minist\u00e8re s\u00e9n\u00e9galais a lanc\u00e9 un appel \u00e0 \u00ab<em>\u202fl\u2019ensemble des acteurs, des supporters et de l\u2019opinion publique \u00e0 pr\u00e9server un esprit de responsabilit\u00e9, de respect et de fair-play, en fid\u00e9lit\u00e9 \u00e0 la solidit\u00e9 des relations s\u00e9n\u00e9galo-marocaines et pour pr\u00e9server l\u2019image du football africain sur la sc\u00e8ne internationale\u202f<\/em>\u00bb.<\/p>\n\n\n\n<p>Ces appels conjoints interviennent alors que ces derniers jours, dans plusieurs villes marocaines dont Rabat, Tanger, Casablanca, Marrakech et Agadir, les peuples marocain et s\u00e9n\u00e9galais ont \u00ab<em>\u202fspontan\u00e9ment donn\u00e9 au monde entier une image remarquable de respect, de maturit\u00e9 et de fraternit\u00e9\u202f<\/em>\u00bb, selon l\u2019ambassade marocaine.<\/p>\n\n\n\n<p>Le S\u00e9n\u00e9gal consid\u00e8re le sport, et en particulier le football, comme \u00ab<em>\u202fun puissant vecteur de rapprochement ainsi que de coh\u00e9sion entre les peuples\u202f<\/em>\u00bb. La finale de dimanche doit ainsi \u00eatre v\u00e9cue comme \u00ab<em>\u202fune c\u00e9l\u00e9bration du talent africain, de l\u2019unit\u00e9 du continent et de la forte fraternit\u00e9 entre les peuples s\u00e9n\u00e9galais et marocain, au-del\u00e0 de toute consid\u00e9ration circonstancielle\u202f\u00bb.<\/em><\/p>\n\n\n\n<p><strong>AC\/APA<\/strong><\/p>\n","protected":false},"excerpt":{"rendered":"<p>APA-Dakar (S\u00e9n\u00e9gal) Les autorit\u00e9s s\u00e9n\u00e9galaises et marocaines ont multipli\u00e9 les appels au fair-play et \u00e0 la fraternit\u00e9 \u00e0 quelques heures de la finale de la Coupe d\u2019Afrique des Nations qui oppose ce dimanche le S\u00e9n\u00e9gal au Maroc au stade Prince Moulay Abdellah \u00e0 Rabat. Le S\u00e9n\u00e9gal et le Maroc ont conjointement appel\u00e9 ce week-end \u00e0 [&hellip;]<\/p>\n","protected":false},"author":2,"featured_media":63955,"comment_status":"open","ping_status":"open","sticky":false,"template":"","format":"standard","meta":{"footnotes":""},"categories":[7],"tags":[],"class_list":["post-63954","post","type-post","status-publish","format-standard","has-post-thumbnail","hentry","category-sports"],"_links":{"self":[{"href":"https:\/\/lestracesdelinfo.com\/index.php\/wp-json\/wp\/v2\/posts\/63954","targetHints":{"allow":["GET"]}}],"collection":[{"href":"https:\/\/lestracesdelinfo.com\/index.php\/wp-json\/wp\/v2\/posts"}],"about":[{"href":"https:\/\/lestracesdelinfo.com\/index.php\/wp-json\/wp\/v2\/types\/post"}],"author":[{"embeddable":true,"href":"https:\/\/lestracesdelinfo.com\/index.php\/wp-json\/wp\/v2\/users\/2"}],"replies":[{"embeddable":true,"href":"https:\/\/lestracesdelinfo.com\/index.php\/wp-json\/wp\/v2\/comments?post=63954"}],"version-history":[{"count":1,"href":"https:\/\/lestracesdelinfo.com\/index.php\/wp-json\/wp\/v2\/posts\/63954\/revisions"}],"predecessor-version":[{"id":63956,"href":"https:\/\/lestracesdelinfo.com\/index.php\/wp-json\/wp\/v2\/posts\/63954\/revisions\/63956"}],"wp:featuredmedia":[{"embeddable":true,"href":"https:\/\/lestracesdelinfo.com\/index.php\/wp-json\/wp\/v2\/media\/63955"}],"wp:attachment":[{"href":"https:\/\/lestracesdelinfo.com\/index.php\/wp-json\/wp\/v2\/media?parent=63954"}],"wp:term":[{"taxonomy":"category","embeddable":true,"href":"https:\/\/lestracesdelinfo.com\/index.php\/wp-json\/wp\/v2\/categories?post=63954"},{"taxonomy":"post_tag","embeddable":true,"href":"https:\/\/lestracesdelinfo.com\/index.php\/wp-json\/wp\/v2\/tags?post=63954"}],"curies":[{"name":"wp","href":"https:\/\/api.w.org\/{rel}","templated":true}]}}