{"id":63961,"date":"2026-01-19T16:29:01","date_gmt":"2026-01-19T16:29:01","guid":{"rendered":"https:\/\/lestracesdelinfo.com\/?p=63961"},"modified":"2026-01-19T16:31:05","modified_gmt":"2026-01-19T16:31:05","slug":"le-parti-el-insaf-clot-une-tournee-dediee-aux-conclusions-de-son-congres-et-au-renforcement-de-laction-de-base","status":"publish","type":"post","link":"https:\/\/lestracesdelinfo.com\/index.php\/2026\/01\/19\/le-parti-el-insaf-clot-une-tournee-dediee-aux-conclusions-de-son-congres-et-au-renforcement-de-laction-de-base\/","title":{"rendered":"\u00a0Le parti El Insaf cl\u00f4t une tourn\u00e9e d\u00e9di\u00e9e aux conclusions de son congr\u00e8s et au renforcement de l\u2019action de base"},"content":{"rendered":"\n<figure class=\"wp-block-image\"><img decoding=\"async\" src=\"https:\/\/lequotidien.mr\/wp-content\/uploads\/2026\/01\/1000835076.jpg\" alt=\"\"\/><\/figure>\n\n\n\n<p><a href=\"https:\/\/lequotidien.mr\/?p=33860&amp;lang=fr\"><\/a>Le parti\u00a0<strong>El Insaf<\/strong>\u00a0a achev\u00e9, dimanche soir, une s\u00e9rie de rencontres politiques et organisationnelles dans les moughataas de la capitale\u00a0<strong>Nouakchott<\/strong>, consacr\u00e9es \u00e0 la pr\u00e9sentation et \u00e0 l\u2019explication des conclusions de son dernier congr\u00e8s. La tourn\u00e9e s\u2019est d\u00e9roul\u00e9e sous la supervision des vice-pr\u00e9sidents du parti et a enregistr\u00e9 une participation qualifi\u00e9e de large, r\u00e9unissant cadres, \u00e9lus, responsables locaux et acteurs politiques.<\/p>\n\n\n\n<p>Selon un communiqu\u00e9 publi\u00e9 par la formation politique, les rencontres ont concern\u00e9 les moughataas de&nbsp;<strong>Tevragh Zeina<\/strong>,&nbsp;<strong>Arafat<\/strong>&nbsp;et&nbsp;<strong>Dar Naim<\/strong>. Elles se sont tenues en pr\u00e9sence de membres de la commission permanente du parti, de repr\u00e9sentants des commissions des femmes et des jeunes, ainsi que des secr\u00e9taires f\u00e9d\u00e9raux, chefs de sections et maires.<\/p>\n\n\n\n<p>Au cours de ces \u00e9tapes, les vice-pr\u00e9sidents ont livr\u00e9 des expos\u00e9s \u00e0 la fois politiques et organisationnels. Le premier vice-pr\u00e9sident, Mohamed Yahya Ould Horma, est intervenu \u00e0 Tevragh Zeina, tandis que le deuxi\u00e8me vice-pr\u00e9sident, Atereno Barro, s\u2019est exprim\u00e9 \u00e0 Arafat. Le troisi\u00e8me vice-pr\u00e9sident, Yahya Ould Ahmed El Waghef, a, pour sa part, anim\u00e9 la rencontre de Dar Naim. Tous ont mis l\u2019accent sur la port\u00e9e des d\u00e9cisions du congr\u00e8s, leur contexte politique et organisationnel, ainsi que sur la n\u00e9cessit\u00e9 de dynamiser les structures de base, de renforcer la discipline et de promouvoir le travail collectif au sein du parti.<\/p>\n\n\n\n<p>Les intervenants ont \u00e9galement indiqu\u00e9 que la commission permanente planche sur une&nbsp;<strong>vision globale de renouvellement et de r\u00e9activation des structures de base<\/strong>, dont la pr\u00e9sentation est pr\u00e9vue dans un d\u00e9lai n\u2019exc\u00e9dant pas quatre mois. Cette d\u00e9marche s\u2019accompagnera du lancement d\u2019une&nbsp;<strong>campagne nationale<\/strong>&nbsp;destin\u00e9e \u00e0 vulgariser les d\u00e9cisions du congr\u00e8s et \u00e0 en diffuser les contenus \u00e0 l\u2019ensemble des niveaux organisationnels.<\/p>\n\n\n\n<p>Le parti a, par ailleurs, insist\u00e9 sur l\u2019importance de&nbsp;<strong>l\u2019unit\u00e9 interne et de la coh\u00e9sion<\/strong>, du respect des r\u00e9unions p\u00e9riodiques et de la transmission de rapports r\u00e9guliers, du renforcement de la communication avec les militants, de l\u2019am\u00e9lioration de la pr\u00e9sence m\u00e9diatique et du suivi attentif de l\u2019actualit\u00e9 politique. Il a aussi appel\u00e9 \u00e0 une meilleure coordination avec les \u00e9lus du parti, dans le strict respect des textes et circulaires r\u00e9gissant l\u2019action partisane.<\/p>\n\n\n\n<p>Enfin, les rencontres ont permis d\u2019aborder la situation g\u00e9n\u00e9rale du pays, en mettant en avant les&nbsp;<strong>r\u00e9alisations r\u00e9centes<\/strong>&nbsp;et la n\u00e9cessit\u00e9 de les expliquer et de les rapprocher des citoyens, tout en \u00e9voquant les&nbsp;<strong>perspectives futures<\/strong>&nbsp;et les signaux jug\u00e9s positifs pour la p\u00e9riode \u00e0 venir.<\/p>\n\n\n\n<ul class=\"wp-block-list\">\n<li><a>\u00a0<\/a><a href=\"https:\/\/lequotidien.mr\/?cat=23&amp;lang=fr\">ACTUALIT\u00c9<\/a><\/li>\n\n\n\n<li><a>\u00a0Le Quotidien<\/a><\/li>\n<\/ul>\n","protected":false},"excerpt":{"rendered":"<p>Le parti\u00a0El Insaf\u00a0a achev\u00e9, dimanche soir, une s\u00e9rie de rencontres politiques et organisationnelles dans les moughataas de la capitale\u00a0Nouakchott, consacr\u00e9es \u00e0 la pr\u00e9sentation et \u00e0 l\u2019explication des conclusions de son dernier congr\u00e8s. La tourn\u00e9e s\u2019est d\u00e9roul\u00e9e sous la supervision des vice-pr\u00e9sidents du parti et a enregistr\u00e9 une participation qualifi\u00e9e de large, r\u00e9unissant cadres, \u00e9lus, responsables [&hellip;]<\/p>\n","protected":false},"author":2,"featured_media":63964,"comment_status":"open","ping_status":"open","sticky":false,"template":"","format":"standard","meta":{"footnotes":""},"categories":[1306],"tags":[],"class_list":["post-63961","post","type-post","status-publish","format-standard","has-post-thumbnail","hentry","category-politique-general-politique-general"],"_links":{"self":[{"href":"https:\/\/lestracesdelinfo.com\/index.php\/wp-json\/wp\/v2\/posts\/63961","targetHints":{"allow":["GET"]}}],"collection":[{"href":"https:\/\/lestracesdelinfo.com\/index.php\/wp-json\/wp\/v2\/posts"}],"about":[{"href":"https:\/\/lestracesdelinfo.com\/index.php\/wp-json\/wp\/v2\/types\/post"}],"author":[{"embeddable":true,"href":"https:\/\/lestracesdelinfo.com\/index.php\/wp-json\/wp\/v2\/users\/2"}],"replies":[{"embeddable":true,"href":"https:\/\/lestracesdelinfo.com\/index.php\/wp-json\/wp\/v2\/comments?post=63961"}],"version-history":[{"count":1,"href":"https:\/\/lestracesdelinfo.com\/index.php\/wp-json\/wp\/v2\/posts\/63961\/revisions"}],"predecessor-version":[{"id":63963,"href":"https:\/\/lestracesdelinfo.com\/index.php\/wp-json\/wp\/v2\/posts\/63961\/revisions\/63963"}],"wp:featuredmedia":[{"embeddable":true,"href":"https:\/\/lestracesdelinfo.com\/index.php\/wp-json\/wp\/v2\/media\/63964"}],"wp:attachment":[{"href":"https:\/\/lestracesdelinfo.com\/index.php\/wp-json\/wp\/v2\/media?parent=63961"}],"wp:term":[{"taxonomy":"category","embeddable":true,"href":"https:\/\/lestracesdelinfo.com\/index.php\/wp-json\/wp\/v2\/categories?post=63961"},{"taxonomy":"post_tag","embeddable":true,"href":"https:\/\/lestracesdelinfo.com\/index.php\/wp-json\/wp\/v2\/tags?post=63961"}],"curies":[{"name":"wp","href":"https:\/\/api.w.org\/{rel}","templated":true}]}}