{"id":63975,"date":"2026-01-21T21:08:50","date_gmt":"2026-01-21T21:08:50","guid":{"rendered":"https:\/\/lestracesdelinfo.com\/?p=63975"},"modified":"2026-01-21T21:10:28","modified_gmt":"2026-01-21T21:10:28","slug":"can-2025-parade-des-lions-a-dakar","status":"publish","type":"post","link":"https:\/\/lestracesdelinfo.com\/index.php\/2026\/01\/21\/can-2025-parade-des-lions-a-dakar\/","title":{"rendered":"CAN 2025 : parade des Lions \u00e0 Dakar"},"content":{"rendered":"\n<p><img loading=\"lazy\" decoding=\"async\" width=\"32\" height=\"32\" srcset=\"https:\/\/fr.apanews.net\/wp-content\/uploads\/sites\/2\/2023\/09\/APA-Ico-48x48.png 48w, https:\/\/fr.apanews.net\/wp-content\/uploads\/sites\/2\/2023\/09\/APA-Ico-300x300.png 300w, https:\/\/fr.apanews.net\/wp-content\/uploads\/sites\/2\/2023\/09\/APA-Ico-150x150.png 150w, https:\/\/fr.apanews.net\/wp-content\/uploads\/sites\/2\/2023\/09\/APA-Ico-70x70.png 70w, https:\/\/fr.apanews.net\/wp-content\/uploads\/sites\/2\/2023\/09\/APA-Ico-450x450.png 450w, https:\/\/fr.apanews.net\/wp-content\/uploads\/sites\/2\/2023\/09\/APA-Ico-24x24.png 24w, https:\/\/fr.apanews.net\/wp-content\/uploads\/sites\/2\/2023\/09\/APA-Ico-96x96.png 96w, https:\/\/fr.apanews.net\/wp-content\/uploads\/sites\/2\/2023\/09\/APA-Ico.png 512w\" src=\"https:\/\/fr.apanews.net\/wp-content\/uploads\/sites\/2\/2023\/09\/APA-Ico-48x48.png\" alt=\"APA-Dakar (S\u00e9n\u00e9gal)\"><a>APA-Dakar (S\u00e9n\u00e9gal)<\/a><\/p>\n\n\n\n<figure class=\"wp-block-image\"><img decoding=\"async\" src=\"https:\/\/fr.apanews.net\/wp-content\/uploads\/sites\/2\/2026\/01\/FB_IMG_1768933173539-1024x578.jpg\" alt=\"\" title=\"CAN 2025 : parade des Lions \u00e0 Dakar\"\/><\/figure>\n\n\n\n<p>@DR<\/p>\n\n\n\n<p>Partager<\/p>\n\n\n\n<p><a href=\"https:\/\/www.facebook.com\/sharer.php?u=https%3A%2F%2Ffr.apanews.net%2Fnews%2Fcan-2025-parade-des-lions-a-dakar%2F\" target=\"_blank\" rel=\"noreferrer noopener\"><\/a><a href=\"https:\/\/twitter.com\/intent\/tweet?url=https%3A%2F%2Ffr.apanews.net%2Fnews%2Fcan-2025-parade-des-lions-a-dakar%2F&amp;text=CAN%202025%20%3A%20parade%20des%20Lions%20%C3%A0%20Dakar\" target=\"_blank\" rel=\"noreferrer noopener\"><\/a><a href=\"https:\/\/wa.me\/?text=CAN%202025%20%3A%20parade%20des%20Lions%20%C3%A0%20Dakar%20https%3A%2F%2Ffr.apanews.net%2Fnews%2Fcan-2025-parade-des-lions-a-dakar%2F\" target=\"_blank\" rel=\"noreferrer noopener\"><\/a><a href=\"mailto:?subject=CAN%202025%20%3A%20parade%20des%20Lions%20%C3%A0%20Dakar&amp;body=https%3A%2F%2Ffr.apanews.net%2Fnews%2Fcan-2025-parade-des-lions-a-dakar%2F\" target=\"_blank\" rel=\"noreferrer noopener\"><\/a><a href=\"https:\/\/www.linkedin.com\/shareArticle?mini=true&amp;url=https%3A%2F%2Ffr.apanews.net%2Fnews%2Fcan-2025-parade-des-lions-a-dakar%2F\" target=\"_blank\" rel=\"noreferrer noopener\"><\/a><a href=\"https:\/\/t.me\/share\/url?url=https%3A%2F%2Ffr.apanews.net%2Fnews%2Fcan-2025-parade-des-lions-a-dakar%2F&amp;title=CAN%202025%20%3A%20parade%20des%20Lions%20%C3%A0%20Dakar\" target=\"_blank\" rel=\"noreferrer noopener\"><\/a><\/p>\n\n\n\n<p><strong>L\u2019\u00e9quipe nationale du S\u00e9n\u00e9gal, sacr\u00e9e championne d\u2019Afrique 2025, a parcouru ce mardi les principales art\u00e8res de Dakar lors d\u2019une parade populaire organis\u00e9e apr\u00e8s son retour de la comp\u00e9tition.<\/strong><\/p>\n\n\n\n<p>Les Lions de la Teranga ont entam\u00e9 leur visite dans l\u2019apr\u00e8s-midi, apr\u00e8s leur arriv\u00e9e en provenance de Rabat, ville h\u00f4te de la phase finale. Install\u00e9s \u00e0 bord d\u2019un bus \u00e0 imp\u00e9riale, les joueurs ont pr\u00e9sent\u00e9 le troph\u00e9e continental aux supporters. Le cort\u00e8ge a pris son d\u00e9part \u00e0 la Patte d\u2019Oie, point de rassemblement situ\u00e9 dans la banlieue nord de la capitale, avant d\u2019emprunter l\u2019avenue EMG puis de traverser le quartier des Castors. Sur l\u2019ensemble du trajet, un dispositif de s\u00e9curit\u00e9 a \u00e9t\u00e9 d\u00e9ploy\u00e9 afin d\u2019encadrer la circulation.<\/p>\n\n\n\n<p>Le convoi a poursuivi sa progression sur le boulevard Bourguiba, puis a rejoint la Corniche Ouest, longeant le littoral dakarois. Des milliers personnes se sont regroup\u00e9es le long des axes emprunt\u00e9s, tandis que les joueurs ont multipli\u00e9 les salutations \u00e0 destination du public.<\/p>\n\n\n\n<p>La parade s\u2019est d\u00e9roul\u00e9e \u00e0 un rythme r\u00e9gul\u00e9, avec plusieurs ralentissements li\u00e9s \u00e0 l\u2019affluence, entra\u00eenant une adaptation momentan\u00e9e de la circulation sur certains tron\u00e7ons. Le cort\u00e8ge a ensuite poursuivi sa route vers le centre administratif, derni\u00e8re \u00e9tape du parcours, avec une arriv\u00e9e pr\u00e9vue au Palais de la R\u00e9publique, o\u00f9 une r\u00e9ception officielle devait se tenir en pr\u00e9sence des autorit\u00e9s.<\/p>\n\n\n\n<p><strong>Saisine de la FRMF et communication de la FIFA<\/strong><\/p>\n\n\n\n<p>En parall\u00e8le de ces c\u00e9l\u00e9brations, la F\u00e9d\u00e9ration royale marocaine de football a annonc\u00e9, lundi, de recourir aux proc\u00e9dures l\u00e9gales aupr\u00e8s de la Conf\u00e9d\u00e9ration africaine de football (CAF) et de la FIFA, \u00e0 la suite du retrait de l\u2019\u00e9quipe nationale s\u00e9n\u00e9galaise lors de la finale l\u2019ayant oppos\u00e9e \u00e0 son homologue marocaine.<\/p>\n\n\n\n<p>Selon la FRMF, cet incident a eu un impact significatif sur le d\u00e9roulement normal de la rencontre et a affect\u00e9 la performance des joueurs, compromettant ainsi l\u2019esprit de comp\u00e9tition et le respect des r\u00e8gles sportives en vigueur.<\/p>\n\n\n\n<p>Dans un autre communiqu\u00e9 officiel publi\u00e9 lundi matin sur son site, la CAF a condamn\u00e9 le comportement jug\u00e9 \u00ab&nbsp;<em>inacceptable de certains joueurs et officiels lors de la finale de la Coupe d\u2019Afrique des Nations CAF Maroc 2025 entre le Maroc et le S\u00e9n\u00e9gal \u00e0 Rabat hier soir \u00bb<\/em>.<\/p>\n\n\n\n<p>Pour sa part, le pr\u00e9sident de la Fifa , Gianni Infantino a condamn\u00e9 fermement le comportement de certains supporters, ainsi que celui de certains joueurs et membres du staff technique s\u00e9n\u00e9galais lors de la Finale de cette CAN.<\/p>\n\n\n\n<p>Le pr\u00e9sident de la FIFA a jug\u00e9 \u00ab&nbsp;<em>inacceptable de quitter le terrain de cette mani\u00e8re<\/em>&nbsp;\u00bb, soulignant que, de la m\u00eame fa\u00e7on, \u00ab&nbsp;<em>la violence ne peut \u00eatre tol\u00e9r\u00e9e dans notre sport : ce n\u2019est tout simplement pas acceptable<\/em>&nbsp;\u00bb.<\/p>\n\n\n\n<p>La Coupe d\u2019Afrique des nations 2025 s\u2019est tenue du 21 d\u00e9cembre 2025 au 18 janvier 2026.<\/p>\n\n\n\n<p><strong>SS\/ac\/APA<\/strong><\/p>\n\n\n\n<p><a href=\"https:\/\/www.facebook.com\/sharer.php?u=https%3A%2F%2Ffr.apanews.net%2Fnews%2Fcan-2025-parade-des-lions-a-dakar%2F\" target=\"_blank\" rel=\"noreferrer noopener\"><\/a><\/p>\n","protected":false},"excerpt":{"rendered":"<p>APA-Dakar (S\u00e9n\u00e9gal) @DR Partager L\u2019\u00e9quipe nationale du S\u00e9n\u00e9gal, sacr\u00e9e championne d\u2019Afrique 2025, a parcouru ce mardi les principales art\u00e8res de Dakar lors d\u2019une parade populaire organis\u00e9e apr\u00e8s son retour de la comp\u00e9tition. Les Lions de la Teranga ont entam\u00e9 leur visite dans l\u2019apr\u00e8s-midi, apr\u00e8s leur arriv\u00e9e en provenance de Rabat, ville h\u00f4te de la phase [&hellip;]<\/p>\n","protected":false},"author":2,"featured_media":63976,"comment_status":"open","ping_status":"open","sticky":false,"template":"","format":"standard","meta":{"footnotes":""},"categories":[7],"tags":[],"class_list":["post-63975","post","type-post","status-publish","format-standard","has-post-thumbnail","hentry","category-sports"],"_links":{"self":[{"href":"https:\/\/lestracesdelinfo.com\/index.php\/wp-json\/wp\/v2\/posts\/63975","targetHints":{"allow":["GET"]}}],"collection":[{"href":"https:\/\/lestracesdelinfo.com\/index.php\/wp-json\/wp\/v2\/posts"}],"about":[{"href":"https:\/\/lestracesdelinfo.com\/index.php\/wp-json\/wp\/v2\/types\/post"}],"author":[{"embeddable":true,"href":"https:\/\/lestracesdelinfo.com\/index.php\/wp-json\/wp\/v2\/users\/2"}],"replies":[{"embeddable":true,"href":"https:\/\/lestracesdelinfo.com\/index.php\/wp-json\/wp\/v2\/comments?post=63975"}],"version-history":[{"count":1,"href":"https:\/\/lestracesdelinfo.com\/index.php\/wp-json\/wp\/v2\/posts\/63975\/revisions"}],"predecessor-version":[{"id":63977,"href":"https:\/\/lestracesdelinfo.com\/index.php\/wp-json\/wp\/v2\/posts\/63975\/revisions\/63977"}],"wp:featuredmedia":[{"embeddable":true,"href":"https:\/\/lestracesdelinfo.com\/index.php\/wp-json\/wp\/v2\/media\/63976"}],"wp:attachment":[{"href":"https:\/\/lestracesdelinfo.com\/index.php\/wp-json\/wp\/v2\/media?parent=63975"}],"wp:term":[{"taxonomy":"category","embeddable":true,"href":"https:\/\/lestracesdelinfo.com\/index.php\/wp-json\/wp\/v2\/categories?post=63975"},{"taxonomy":"post_tag","embeddable":true,"href":"https:\/\/lestracesdelinfo.com\/index.php\/wp-json\/wp\/v2\/tags?post=63975"}],"curies":[{"name":"wp","href":"https:\/\/api.w.org\/{rel}","templated":true}]}}