{"id":64032,"date":"2026-01-26T16:14:43","date_gmt":"2026-01-26T16:14:43","guid":{"rendered":"https:\/\/lestracesdelinfo.com\/?p=64032"},"modified":"2026-01-26T16:14:45","modified_gmt":"2026-01-26T16:14:45","slug":"les-pm-akhannouch-et-sonko-renforcent-le-partenariat-bilateral","status":"publish","type":"post","link":"https:\/\/lestracesdelinfo.com\/index.php\/2026\/01\/26\/les-pm-akhannouch-et-sonko-renforcent-le-partenariat-bilateral\/","title":{"rendered":"Les PM Akhannouch et Sonko renforcent le partenariat bilat\u00e9ral"},"content":{"rendered":"\n<p><img loading=\"lazy\" decoding=\"async\" width=\"32\" height=\"32\" srcset=\"https:\/\/fr.apanews.net\/wp-content\/uploads\/sites\/2\/2023\/09\/APA-Ico-48x48.png 48w, https:\/\/fr.apanews.net\/wp-content\/uploads\/sites\/2\/2023\/09\/APA-Ico-300x300.png 300w, https:\/\/fr.apanews.net\/wp-content\/uploads\/sites\/2\/2023\/09\/APA-Ico-150x150.png 150w, https:\/\/fr.apanews.net\/wp-content\/uploads\/sites\/2\/2023\/09\/APA-Ico-70x70.png 70w, https:\/\/fr.apanews.net\/wp-content\/uploads\/sites\/2\/2023\/09\/APA-Ico-450x450.png 450w, https:\/\/fr.apanews.net\/wp-content\/uploads\/sites\/2\/2023\/09\/APA-Ico-24x24.png 24w, https:\/\/fr.apanews.net\/wp-content\/uploads\/sites\/2\/2023\/09\/APA-Ico-96x96.png 96w, https:\/\/fr.apanews.net\/wp-content\/uploads\/sites\/2\/2023\/09\/APA-Ico.png 512w\" src=\"https:\/\/fr.apanews.net\/wp-content\/uploads\/sites\/2\/2023\/09\/APA-Ico-48x48.png\" alt=\"APA-Rabat (Maroc)\"><a>APA-Rabat (Maroc)<\/a><\/p>\n\n\n\n<figure class=\"wp-block-image\"><img decoding=\"async\" src=\"https:\/\/fr.apanews.net\/wp-content\/uploads\/sites\/2\/2026\/01\/image-8.png\" alt=\"\" title=\"Les PM  Akhannouch et Sonko renforcent le partenariat bilat\u00e9ral\"\/><\/figure>\n\n\n\n<p><strong>Le chef du gouvernement marocain Aziz Akhannouch et le Premier ministre s\u00e9n\u00e9galais Ousmane Sonko ont r\u00e9affirm\u00e9 \u00e0 Rabat leur volont\u00e9 de renforcer le partenariat strat\u00e9gique entre les deux pays, en marge de la 15\u1d49 Grande Commission mixte de coop\u00e9ration.<\/strong><\/p>\n\n\n\n<p>Le chef du gouvernement marocain Aziz Akhannouch et le Premier ministre s\u00e9n\u00e9galais Ousmane Sonko ont r\u00e9affirm\u00e9 \u00e0 Rabat leur volont\u00e9 de renforcer le partenariat strat\u00e9gique entre les deux pays, en marge de la 15\u1d49 Grande Commission mixte de coop\u00e9ration maroco-s\u00e9n\u00e9galaise, dans un contexte marqu\u00e9 par la solidit\u00e9 et la diversification des relations bilat\u00e9rales.<\/p>\n\n\n\n<p>Le chef du gouvernement marocain, Aziz Akhannouch, s\u2019est entretenu lundi \u00e0 Rabat avec le Premier ministre s\u00e9n\u00e9galais, Ousmane Sonko, en visite de travail au Maroc \u00e0 l\u2019occasion de la 15\u1d49 Grande Commission mixte de coop\u00e9ration. La rencontre s\u2019est tenue en pr\u00e9sence de plusieurs responsables gouvernementaux et diplomatiques marocains, dont le ministre des Affaires \u00e9trang\u00e8res, selon un communiqu\u00e9 officiel.<\/p>\n\n\n\n<p>Les \u00e9changes ont permis de r\u00e9affirmer l\u2019attachement commun du Maroc et du S\u00e9n\u00e9gal \u00e0 un partenariat strat\u00e9gique fond\u00e9 sur une convergence de vues politiques et diplomatiques. Les deux chefs de gouvernement ont soulign\u00e9 que cette relation s\u2019inscrit dans les orientations fix\u00e9es par le roi Mohammed VI et le pr\u00e9sident s\u00e9n\u00e9galais Bassirou Diomaye Faye, avec l\u2019ambition de hisser la coop\u00e9ration bilat\u00e9rale \u00e0 un niveau plus int\u00e9gr\u00e9 et plus structurant.<\/p>\n\n\n\n<p>Aziz Akhannouch a rappel\u00e9 la profondeur historique des liens unissant les deux pays, enracin\u00e9s dans des relations humaines, culturelles, spirituelles et \u00e9conomiques anciennes. D\u00e8s novembre 1960, peu apr\u00e8s l\u2019ind\u00e9pendance du S\u00e9n\u00e9gal, Rabat et Dakar avaient sign\u00e9 leur premier accord bilat\u00e9ral \u00e9tablissant des relations diplomatiques. Depuis lors, le cadre juridique de la coop\u00e9ration s\u2019est consid\u00e9rablement \u00e9toff\u00e9, avec plus de 130 accords conclus et pr\u00e8s d\u2019une trentaine actuellement en cours de n\u00e9gociation.<\/p>\n\n\n\n<p>Il a \u00e9galement mis en avant le r\u00f4le central du S\u00e9n\u00e9gal dans les initiatives africaines port\u00e9es par le Royaume, notamment celle visant \u00e0 faciliter l\u2019acc\u00e8s des pays du Sahel \u00e0 l\u2019oc\u00e9an Atlantique, pr\u00e9sent\u00e9e par le Maroc comme un projet structurant \u00e0 l\u2019\u00e9chelle r\u00e9gionale. Les visites du roi Mohammed VI \u00e0 Dakar en 2013, 2015 et 2016 ont par ailleurs donn\u00e9 une impulsion d\u00e9cisive \u00e0 l\u2019axe Dakar-Rabat.<\/p>\n\n\n\n<p>Selon la m\u00eame source, la rencontre a permis de constater une dynamique positive de la coop\u00e9ration bilat\u00e9rale, marqu\u00e9e par l\u2019intensification des \u00e9changes de haut niveau, le renforcement du cadre juridique et une progression notable des \u00e9changes commerciaux et des investissements crois\u00e9s. En 2024, les exportations s\u00e9n\u00e9galaises vers le Maroc ont atteint 24,7 milliards de FCFA, en hausse de plus de 26 % par rapport \u00e0 l\u2019ann\u00e9e pr\u00e9c\u00e9dente, port\u00e9es notamment par les produits halieutiques et agroalimentaires. Les importations s\u00e9n\u00e9galaises en provenance du Maroc se sont, quant \u00e0 elles, \u00e9lev\u00e9es \u00e0 147 milliards de FCFA, illustrant l\u2019ampleur des \u00e9changes entre les deux \u00e9conomies.<\/p>\n\n\n\n<p>Les investissements marocains au S\u00e9n\u00e9gal confirment \u00e9galement un ancrage strat\u00e9gique durable, avec une pr\u00e9sence significative dans des secteurs cl\u00e9s tels que l\u2019agroalimentaire, la pharmacie, l\u2019\u00e9nergie, les mines, les BTP, les services financiers et les assurances. Plusieurs institutions bancaires marocaines de premier plan, dont Bank of Africa, Attijariwafa Bank et Banque Atlantique, sont solidement implant\u00e9es dans le pays.<\/p>\n\n\n\n<p>La tenue de la Grande Commission mixte est pr\u00e9sent\u00e9e par les autorit\u00e9s comme une \u00e9tape cl\u00e9 pour impulser de nouveaux projets structurants. Les secteurs de l\u2019agriculture, de l\u2019\u00e9nergie, du commerce, de l\u2019industrie, de l\u2019\u00e9conomie num\u00e9rique, de la sant\u00e9, de l\u2019enseignement sup\u00e9rieur, ainsi que de la d\u00e9fense et de la s\u00e9curit\u00e9 figurent parmi les axes prioritaires identifi\u00e9s, avec l\u2019objectif de consolider un partenariat durable, \u00e9quilibr\u00e9 et mutuellement b\u00e9n\u00e9fique.<\/p>\n\n\n\n<p>Les deux parties ont enfin r\u00e9affirm\u00e9 leur attachement \u00e0 une coop\u00e9ration sud-sud renforc\u00e9e, fond\u00e9e sur une vision commune du d\u00e9veloppement, de la stabilit\u00e9 et de l\u2019int\u00e9gration du continent africain, conclut le communiqu\u00e9.<\/p>\n\n\n\n<p><strong>MK\/Ak\/ac\/APA<\/strong><\/p>\n","protected":false},"excerpt":{"rendered":"<p>APA-Rabat (Maroc) Le chef du gouvernement marocain Aziz Akhannouch et le Premier ministre s\u00e9n\u00e9galais Ousmane Sonko ont r\u00e9affirm\u00e9 \u00e0 Rabat leur volont\u00e9 de renforcer le partenariat strat\u00e9gique entre les deux pays, en marge de la 15\u1d49 Grande Commission mixte de coop\u00e9ration. Le chef du gouvernement marocain Aziz Akhannouch et le Premier ministre s\u00e9n\u00e9galais Ousmane Sonko [&hellip;]<\/p>\n","protected":false},"author":2,"featured_media":64033,"comment_status":"open","ping_status":"open","sticky":false,"template":"","format":"standard","meta":{"footnotes":""},"categories":[1],"tags":[],"class_list":["post-64032","post","type-post","status-publish","format-standard","has-post-thumbnail","hentry","category-aucun"],"_links":{"self":[{"href":"https:\/\/lestracesdelinfo.com\/index.php\/wp-json\/wp\/v2\/posts\/64032","targetHints":{"allow":["GET"]}}],"collection":[{"href":"https:\/\/lestracesdelinfo.com\/index.php\/wp-json\/wp\/v2\/posts"}],"about":[{"href":"https:\/\/lestracesdelinfo.com\/index.php\/wp-json\/wp\/v2\/types\/post"}],"author":[{"embeddable":true,"href":"https:\/\/lestracesdelinfo.com\/index.php\/wp-json\/wp\/v2\/users\/2"}],"replies":[{"embeddable":true,"href":"https:\/\/lestracesdelinfo.com\/index.php\/wp-json\/wp\/v2\/comments?post=64032"}],"version-history":[{"count":1,"href":"https:\/\/lestracesdelinfo.com\/index.php\/wp-json\/wp\/v2\/posts\/64032\/revisions"}],"predecessor-version":[{"id":64034,"href":"https:\/\/lestracesdelinfo.com\/index.php\/wp-json\/wp\/v2\/posts\/64032\/revisions\/64034"}],"wp:featuredmedia":[{"embeddable":true,"href":"https:\/\/lestracesdelinfo.com\/index.php\/wp-json\/wp\/v2\/media\/64033"}],"wp:attachment":[{"href":"https:\/\/lestracesdelinfo.com\/index.php\/wp-json\/wp\/v2\/media?parent=64032"}],"wp:term":[{"taxonomy":"category","embeddable":true,"href":"https:\/\/lestracesdelinfo.com\/index.php\/wp-json\/wp\/v2\/categories?post=64032"},{"taxonomy":"post_tag","embeddable":true,"href":"https:\/\/lestracesdelinfo.com\/index.php\/wp-json\/wp\/v2\/tags?post=64032"}],"curies":[{"name":"wp","href":"https:\/\/api.w.org\/{rel}","templated":true}]}}