{"id":64439,"date":"2026-03-05T18:32:13","date_gmt":"2026-03-05T18:32:13","guid":{"rendered":"https:\/\/lestracesdelinfo.com\/?p=64439"},"modified":"2026-03-05T18:32:16","modified_gmt":"2026-03-05T18:32:16","slug":"can-feminine-2026-la-caf-reprogramme-la-competition","status":"publish","type":"post","link":"https:\/\/lestracesdelinfo.com\/index.php\/2026\/03\/05\/can-feminine-2026-la-caf-reprogramme-la-competition\/","title":{"rendered":"CAN f\u00e9minine 2026 : la CAF reprogramme la comp\u00e9tition"},"content":{"rendered":"\n<p><img loading=\"lazy\" decoding=\"async\" width=\"32\" height=\"32\" srcset=\"https:\/\/fr.apanews.net\/wp-content\/uploads\/sites\/2\/2023\/09\/APA-Ico-48x48.png 48w, https:\/\/fr.apanews.net\/wp-content\/uploads\/sites\/2\/2023\/09\/APA-Ico-300x300.png 300w, https:\/\/fr.apanews.net\/wp-content\/uploads\/sites\/2\/2023\/09\/APA-Ico-150x150.png 150w, https:\/\/fr.apanews.net\/wp-content\/uploads\/sites\/2\/2023\/09\/APA-Ico-70x70.png 70w, https:\/\/fr.apanews.net\/wp-content\/uploads\/sites\/2\/2023\/09\/APA-Ico-450x450.png 450w, https:\/\/fr.apanews.net\/wp-content\/uploads\/sites\/2\/2023\/09\/APA-Ico-24x24.png 24w, https:\/\/fr.apanews.net\/wp-content\/uploads\/sites\/2\/2023\/09\/APA-Ico-96x96.png 96w, https:\/\/fr.apanews.net\/wp-content\/uploads\/sites\/2\/2023\/09\/APA-Ico.png 512w\" src=\"https:\/\/fr.apanews.net\/wp-content\/uploads\/sites\/2\/2023\/09\/APA-Ico-48x48.png\" alt=\"APA-Rabat (Maroc)\"><a>APA-Rabat (Maroc<\/a><\/p>\n\n\n\n<figure class=\"wp-block-image size-full\"><img loading=\"lazy\" decoding=\"async\" width=\"1024\" height=\"911\" src=\"https:\/\/lestracesdelinfo.com\/wp-content\/uploads\/2026\/03\/image-3.png\" alt=\"\" class=\"wp-image-64441\" srcset=\"https:\/\/lestracesdelinfo.com\/wp-content\/uploads\/2026\/03\/image-3.png 1024w, https:\/\/lestracesdelinfo.com\/wp-content\/uploads\/2026\/03\/image-3-300x267.png 300w, https:\/\/lestracesdelinfo.com\/wp-content\/uploads\/2026\/03\/image-3-768x683.png 768w\" sizes=\"auto, (max-width: 1024px) 100vw, 1024px\" \/><\/figure>\n\n\n\n<p><a href=\"https:\/\/www.facebook.com\/sharer.php?u=https%3A%2F%2Ffr.apanews.net%2Fnews%2Fcan-feminine-2026-la-caf-reprogramme-la-competition%2F\" target=\"_blank\" rel=\"noreferrer noopener\"><\/a><a href=\"https:\/\/twitter.com\/intent\/tweet?url=https%3A%2F%2Ffr.apanews.net%2Fnews%2Fcan-feminine-2026-la-caf-reprogramme-la-competition%2F&amp;text=CAN%20f%C3%A9minine%202026%20%3A%20la%20CAF%20reprogramme%20la%20comp%C3%A9tition\" target=\"_blank\" rel=\"noreferrer noopener\"><\/a><a href=\"https:\/\/wa.me\/?text=CAN%20f%C3%A9minine%202026%20%3A%20la%20CAF%20reprogramme%20la%20comp%C3%A9tition%20https%3A%2F%2Ffr.apanews.net%2Fnews%2Fcan-feminine-2026-la-caf-reprogramme-la-competition%2F\" target=\"_blank\" rel=\"noreferrer noopener\"><\/a><a href=\"mailto:?subject=CAN%20f%C3%A9minine%202026%20%3A%20la%20CAF%20reprogramme%20la%20comp%C3%A9tition&amp;body=https%3A%2F%2Ffr.apanews.net%2Fnews%2Fcan-feminine-2026-la-caf-reprogramme-la-competition%2F\" target=\"_blank\" rel=\"noreferrer noopener\"><\/a><a href=\"https:\/\/www.linkedin.com\/shareArticle?mini=true&amp;url=https%3A%2F%2Ffr.apanews.net%2Fnews%2Fcan-feminine-2026-la-caf-reprogramme-la-competition%2F\" target=\"_blank\" rel=\"noreferrer noopener\"><\/a><a href=\"https:\/\/t.me\/share\/url?url=https%3A%2F%2Ffr.apanews.net%2Fnews%2Fcan-feminine-2026-la-caf-reprogramme-la-competition%2F&amp;title=CAN%20f%C3%A9minine%202026%20%3A%20la%20CAF%20reprogramme%20la%20comp%C3%A9tition\" target=\"_blank\" rel=\"noreferrer noopener\"><\/a><strong>Initialement pr\u00e9vue au printemps, la Coupe d\u2019Afrique des nations (CAN) f\u00e9minine 2026 au Maroc se jouera finalement du 25 juillet au 16 ao\u00fbt 2026, a annonc\u00e9 la CAF.<\/strong><\/p>\n\n\n\n<p>La Conf\u00e9d\u00e9ration africaine de football (CAF) a d\u00e9cid\u00e9 de reprogrammer la Coupe d\u2019Afrique des nations f\u00e9minine (CAN) 2026, pr\u00e9vue au Maroc. Initialement programm\u00e9e du 17 mars au 3 avril 2026, la comp\u00e9tition se d\u00e9roulera d\u00e9sormais du 25 juillet au 16 ao\u00fbt 2026.<\/p>\n\n\n\n<p>La CAF pr\u00e9cise que cette reprogrammation vise \u00e0 garantir le bon d\u00e9roulement de la comp\u00e9tition. \u00ab&nbsp;<em>Apr\u00e8s des discussions entre la CAF et ses partenaires, la FIFA et d\u2019autres parties prenantes, la CAF a d\u00e9cid\u00e9 de reprogrammer les dates de la CAF WAFCON 2026, du 25 juillet au 16 ao\u00fbt 2026, afin d\u2019assurer le succ\u00e8s de cette importante comp\u00e9tition f\u00e9minine, compte tenu de certaines circonstances impr\u00e9vues<\/em>&nbsp;\u00bb, a d\u00e9clar\u00e9 la CAF dans un communiqu\u00e9 parvenu \u00e0 APA ce jeudi 05 mars 2026.<\/p>\n\n\n\n<p>La phase finale r\u00e9unira pour la premi\u00e8re fois 16 s\u00e9lections nationales, contre 12 lors des \u00e9ditions pr\u00e9c\u00e9dentes. Les \u00e9quipes qualifi\u00e9es sont le Maroc, la Zambie, la Tanzanie, le Malawi, l\u2019Alg\u00e9rie, le Nig\u00e9ria, le Ghana, le Burkina Faso, le Kenya, le Cap-Vert, l\u2019Afrique du Sud, le S\u00e9n\u00e9gal, le Cameroun, la C\u00f4te d\u2019Ivoire, le Mali et l\u2019\u00c9gypte.<\/p>\n\n\n\n<p>Le tirage au sort de la phase de groupes a d\u00e9j\u00e0 \u00e9t\u00e9 effectu\u00e9. Le groupe A comprend le Maroc, le S\u00e9n\u00e9gal, l\u2019Alg\u00e9rie et le Kenya. Le groupe B est compos\u00e9 de la Tanzanie, du Burkina Faso, de l\u2019Afrique du Sud et de la C\u00f4te d\u2019Ivoire. Le groupe C r\u00e9unit la Zambie, le Nig\u00e9ria, l\u2019\u00c9gypte et le Malawi. Le groupe D rassemble le Cameroun, le Ghana, le Mali et le Cap-Vert.<\/p>\n\n\n\n<p>Cette \u00e9dition servira \u00e9galement de tournoi qualificatif continental pour la Coupe du monde f\u00e9minine 2027 pr\u00e9vue au Br\u00e9sil.<\/p>\n\n\n\n<p><strong>SS\/ac\/Sf\/APA<\/strong><\/p>\n","protected":false},"excerpt":{"rendered":"<p>APA-Rabat (Maroc Initialement pr\u00e9vue au printemps, la Coupe d\u2019Afrique des nations (CAN) f\u00e9minine 2026 au Maroc se jouera finalement du 25 juillet au 16 ao\u00fbt 2026, a annonc\u00e9 la CAF. La Conf\u00e9d\u00e9ration africaine de football (CAF) a d\u00e9cid\u00e9 de reprogrammer la Coupe d\u2019Afrique des nations f\u00e9minine (CAN) 2026, pr\u00e9vue au Maroc. Initialement programm\u00e9e du 17 [&hellip;]<\/p>\n","protected":false},"author":2,"featured_media":64440,"comment_status":"open","ping_status":"open","sticky":false,"template":"","format":"standard","meta":{"footnotes":""},"categories":[7],"tags":[],"class_list":["post-64439","post","type-post","status-publish","format-standard","has-post-thumbnail","hentry","category-sports"],"_links":{"self":[{"href":"https:\/\/lestracesdelinfo.com\/index.php\/wp-json\/wp\/v2\/posts\/64439","targetHints":{"allow":["GET"]}}],"collection":[{"href":"https:\/\/lestracesdelinfo.com\/index.php\/wp-json\/wp\/v2\/posts"}],"about":[{"href":"https:\/\/lestracesdelinfo.com\/index.php\/wp-json\/wp\/v2\/types\/post"}],"author":[{"embeddable":true,"href":"https:\/\/lestracesdelinfo.com\/index.php\/wp-json\/wp\/v2\/users\/2"}],"replies":[{"embeddable":true,"href":"https:\/\/lestracesdelinfo.com\/index.php\/wp-json\/wp\/v2\/comments?post=64439"}],"version-history":[{"count":1,"href":"https:\/\/lestracesdelinfo.com\/index.php\/wp-json\/wp\/v2\/posts\/64439\/revisions"}],"predecessor-version":[{"id":64442,"href":"https:\/\/lestracesdelinfo.com\/index.php\/wp-json\/wp\/v2\/posts\/64439\/revisions\/64442"}],"wp:featuredmedia":[{"embeddable":true,"href":"https:\/\/lestracesdelinfo.com\/index.php\/wp-json\/wp\/v2\/media\/64440"}],"wp:attachment":[{"href":"https:\/\/lestracesdelinfo.com\/index.php\/wp-json\/wp\/v2\/media?parent=64439"}],"wp:term":[{"taxonomy":"category","embeddable":true,"href":"https:\/\/lestracesdelinfo.com\/index.php\/wp-json\/wp\/v2\/categories?post=64439"},{"taxonomy":"post_tag","embeddable":true,"href":"https:\/\/lestracesdelinfo.com\/index.php\/wp-json\/wp\/v2\/tags?post=64439"}],"curies":[{"name":"wp","href":"https:\/\/api.w.org\/{rel}","templated":true}]}}