{"id":64446,"date":"2026-03-05T18:43:16","date_gmt":"2026-03-05T18:43:16","guid":{"rendered":"https:\/\/lestracesdelinfo.com\/?p=64446"},"modified":"2026-03-05T18:43:18","modified_gmt":"2026-03-05T18:43:18","slug":"la-mauritanie-ouvre-3000-nouveaux-postes-sous-controle-numerique-integral","status":"publish","type":"post","link":"https:\/\/lestracesdelinfo.com\/index.php\/2026\/03\/05\/la-mauritanie-ouvre-3000-nouveaux-postes-sous-controle-numerique-integral\/","title":{"rendered":"\u00a0La Mauritanie ouvre 3000 nouveaux postes sous contr\u00f4le num\u00e9rique int\u00e9gral"},"content":{"rendered":"\n<p><img loading=\"lazy\" decoding=\"async\" src=\"https:\/\/www.cridem.org\/media\/photos\/photo\/point_presse_26022026.jpg\" alt=\"La Mauritanie ouvre 3000 nouveaux postes sous contr\u00f4le num\u00e9rique int\u00e9gral \" width=\"300\" height=\"200\"><\/p>\n\n\n\n<p><strong>AGENCE ECOFIN <\/strong>&#8211; Face \u00e0 un ch\u00f4mage persistant et une croissance mod\u00e9r\u00e9e, les autorit\u00e9s mauritaniennes misent sur la modernisation administrative pour \u00e9largir l\u2019acc\u00e8s \u00e0 l\u2019emploi et restaurer la confiance dans les proc\u00e9dures publiques.<br><br>R\u00e9uni le mercredi 25 f\u00e9vrier, le Conseil des ministres de la Mauritanie a adopt\u00e9 un plan de d\u00e9mat\u00e9rialisation compl<strong>\u00e8te du recrutement de 3000 fonctionnaires. Le ministre de la Transformation num\u00e9rique et de la Modernisation de<\/strong> l\u2019Administration, Ahmed Salem Bede, et la ministre de la Fonction publique et du Travail, Mariem Bo\u00efdel Hoummeid, ont pr\u00e9sent\u00e9 l\u2019\u00e9tat d\u2019avancement de cette r\u00e9forme.<br><br>D\u2019apr\u00e8s le communiqu\u00e9 officiel, les <strong>candidatures seront d\u00e9pos\u00e9es en ligne via le portail Khidamaty ou la plateforme de la Commission nationale des concours, avec un suivi en temps r\u00e9el jusqu\u2019\u00e0 la publication des r\u00e9sultats.<br><br>\u00ab L\u2019\u00e9ligibilit\u00e9 et l\u2019authenticit\u00e9 des dipl\u00f4mes ser<\/strong>ont v\u00e9rifi\u00e9es automatiquement. Les questions d\u2019examen seront g\u00e9n\u00e9r\u00e9es instantan\u00e9ment avant chaque \u00e9preuve. Les \u00e9preuves \u00e9crites se d\u00e9rouleront sur tablettes. La correction sera imm\u00e9diate et les recours pourront \u00eatre introduits \u00e0 distance \u00bb, pr\u00e9cise le texte.<br><br>Les autorit\u00e9s pr\u00e9sentent cette transformation comme une r\u00e9ponse aux critiques sur l\u2019opacit\u00e9 et les lenteurs des concours pu<strong>blics. Le dispositif, con\u00e7u en collaboration avec la Commission nationale des concours, \u00ab garantit \u00e9quit\u00e9 et efficacit\u00e9 \u00e0 chaque \u00e9tape du processus \u00bb, selon le communiqu\u00e9, en limitant les risques de fraude et d\u2019irr\u00e9gularit\u00e9s.<br><br>La mesure s\u2019inscrit dans un environnement marqu\u00e9 par des d\u00e9fis structurels en mati\u00e8re d\u2019emploi. La Banque mondiale indique qu\u2019en 2024, le taux de ch\u00f4mage des jeunes atteignait 23,22 %, un niveau sup\u00e9rieur \u00e0 la moyenne mondiale, tandis qu\u2019un<\/strong>e part importante des actifs \u00e9volue dans l\u2019informel.<br><br>Par ailleurs, l\u2019Agence mauritanienne d\u2019information rapporte qu\u2019un accord de 36 millions d\u2019euros, soit 41,7 millions de dollars, a \u00e9t\u00e9 sign\u00e9 en mai 2025 avec la Banque islamique de d\u00e9veloppement pour soutenir la formation professionnelle et l\u2019employabilit\u00e9 dans le cadre de la strat\u00e9gie nationale 2023\u20112030.<br><br>Dans ce contexte, la digitalisation du recrutement public compl\u00e8te les efforts engag\u00e9s pour renforcer les comp\u00e9tences, am<strong>\u00e9liorer l\u2019acc\u00e8s \u00e0 l\u2019\u00e9ducation et favoriser l\u2019insertion professionnelle. Elle vise \u00e0 rendre l\u2019administration plus cr\u00e9dible, \u00e0 s\u00e9curiser les processus de s\u00e9lection et \u00e0 offrir des perspectives plus lisibles aux candidats, dans un pays o\u00f9 la question de l\u2019emploi demeure centrale dans l\u2019agenda \u00e9conomique et social.<\/strong><br><br><strong>F\u00e9licien Houindo Lokossou<\/strong><\/p>\n","protected":false},"excerpt":{"rendered":"<p>AGENCE ECOFIN &#8211; Face \u00e0 un ch\u00f4mage persistant et une croissance mod\u00e9r\u00e9e, les autorit\u00e9s mauritaniennes misent sur la modernisation administrative pour \u00e9largir l\u2019acc\u00e8s \u00e0 l\u2019emploi et restaurer la confiance dans les proc\u00e9dures publiques. R\u00e9uni le mercredi 25 f\u00e9vrier, le Conseil des ministres de la Mauritanie a adopt\u00e9 un plan de d\u00e9mat\u00e9rialisation compl\u00e8te du recrutement de [&hellip;]<\/p>\n","protected":false},"author":2,"featured_media":64447,"comment_status":"open","ping_status":"open","sticky":false,"template":"","format":"standard","meta":{"footnotes":""},"categories":[1449],"tags":[],"class_list":["post-64446","post","type-post","status-publish","format-standard","has-post-thumbnail","hentry","category-national"],"_links":{"self":[{"href":"https:\/\/lestracesdelinfo.com\/index.php\/wp-json\/wp\/v2\/posts\/64446","targetHints":{"allow":["GET"]}}],"collection":[{"href":"https:\/\/lestracesdelinfo.com\/index.php\/wp-json\/wp\/v2\/posts"}],"about":[{"href":"https:\/\/lestracesdelinfo.com\/index.php\/wp-json\/wp\/v2\/types\/post"}],"author":[{"embeddable":true,"href":"https:\/\/lestracesdelinfo.com\/index.php\/wp-json\/wp\/v2\/users\/2"}],"replies":[{"embeddable":true,"href":"https:\/\/lestracesdelinfo.com\/index.php\/wp-json\/wp\/v2\/comments?post=64446"}],"version-history":[{"count":1,"href":"https:\/\/lestracesdelinfo.com\/index.php\/wp-json\/wp\/v2\/posts\/64446\/revisions"}],"predecessor-version":[{"id":64448,"href":"https:\/\/lestracesdelinfo.com\/index.php\/wp-json\/wp\/v2\/posts\/64446\/revisions\/64448"}],"wp:featuredmedia":[{"embeddable":true,"href":"https:\/\/lestracesdelinfo.com\/index.php\/wp-json\/wp\/v2\/media\/64447"}],"wp:attachment":[{"href":"https:\/\/lestracesdelinfo.com\/index.php\/wp-json\/wp\/v2\/media?parent=64446"}],"wp:term":[{"taxonomy":"category","embeddable":true,"href":"https:\/\/lestracesdelinfo.com\/index.php\/wp-json\/wp\/v2\/categories?post=64446"},{"taxonomy":"post_tag","embeddable":true,"href":"https:\/\/lestracesdelinfo.com\/index.php\/wp-json\/wp\/v2\/tags?post=64446"}],"curies":[{"name":"wp","href":"https:\/\/api.w.org\/{rel}","templated":true}]}}