{"id":64469,"date":"2026-03-08T13:31:04","date_gmt":"2026-03-08T13:31:04","guid":{"rendered":"https:\/\/lestracesdelinfo.com\/?p=64469"},"modified":"2026-03-08T13:31:10","modified_gmt":"2026-03-08T13:31:10","slug":"lautonomisation-des-femmes-et-la-promotion-de-legalite-des-droits-sont-au-premier-plan-de-mes-priorites","status":"publish","type":"post","link":"https:\/\/lestracesdelinfo.com\/index.php\/2026\/03\/08\/lautonomisation-des-femmes-et-la-promotion-de-legalite-des-droits-sont-au-premier-plan-de-mes-priorites\/","title":{"rendered":"\u00a0\u00ab\u00a0L\u2019autonomisation des femmes et la promotion de l\u2019\u00e9galit\u00e9 des droits sont au premier plan de mes priorit\u00e9s\u00a0\u00bb"},"content":{"rendered":"\n<p><img loading=\"lazy\" decoding=\"async\" src=\"https:\/\/www.cridem.org\/media\/photos\/photo\/ghazouani_579490_851761066.jpg\" alt=\"\" width=\"300\" height=\"200\"><\/p>\n\n\n\n<p><strong>AMI<\/strong> &#8211; Son Excellence le Pr\u00e9sident de la R\u00e9publique, <strong>M. Mohamed Ould Cheikh El Ghazouani, <\/strong>a affirm\u00e9, aujourd\u2019hui, que l\u2019autonomisation des femmes, la promotion de l\u2019\u00e9galit\u00e9 des droits, le soutien \u00e0 leur pleine participation au processus de d\u00e9veloppement et la lutte contre toutes les formes de discrimination sont au premier plan de ses priorit\u00e9s.<br><\/p>\n\n\n\n<p>Cette d\u00e9claration a \u00e9t\u00e9 faite par Son Excellence dans un tweet \u00e0 l\u2019occasion de la Journ\u00e9e internationale des droits de la femme, c\u00e9l\u00e9br\u00e9e chaque ann\u00e9e le 8 mars.<br><br>Voici le texte du tweet:<br><br>\u201c\u00c0 l\u2019occasion de la Journ\u00e9e internationale des droits de la femme, nous saluons l\u2019engagement, le courage et les contributions essentielles des femmes mauritaniennes dans les diff\u00e9rents domaines de la vie nationale.<br><br>La promotion de l\u2019\u00e9galit\u00e9 des droits, l\u2019autonomisation des femmes, le soutien \u00e0 leur pleine participation au processus de d\u00e9veloppement et la lutte contre toutes les formes de discrimination restent nos priorit\u00e9s.<br><br>Bonne ann\u00e9e \u00e0 toutes les femmes de Mauritanie\u201d.<\/p>\n","protected":false},"excerpt":{"rendered":"<p>AMI &#8211; Son Excellence le Pr\u00e9sident de la R\u00e9publique, M. Mohamed Ould Cheikh El Ghazouani, a affirm\u00e9, aujourd\u2019hui, que l\u2019autonomisation des femmes, la promotion de l\u2019\u00e9galit\u00e9 des droits, le soutien \u00e0 leur pleine participation au processus de d\u00e9veloppement et la lutte contre toutes les formes de discrimination sont au premier plan de ses priorit\u00e9s. Cette [&hellip;]<\/p>\n","protected":false},"author":2,"featured_media":64470,"comment_status":"open","ping_status":"open","sticky":false,"template":"","format":"standard","meta":{"footnotes":""},"categories":[1449],"tags":[],"class_list":["post-64469","post","type-post","status-publish","format-standard","has-post-thumbnail","hentry","category-national"],"_links":{"self":[{"href":"https:\/\/lestracesdelinfo.com\/index.php\/wp-json\/wp\/v2\/posts\/64469","targetHints":{"allow":["GET"]}}],"collection":[{"href":"https:\/\/lestracesdelinfo.com\/index.php\/wp-json\/wp\/v2\/posts"}],"about":[{"href":"https:\/\/lestracesdelinfo.com\/index.php\/wp-json\/wp\/v2\/types\/post"}],"author":[{"embeddable":true,"href":"https:\/\/lestracesdelinfo.com\/index.php\/wp-json\/wp\/v2\/users\/2"}],"replies":[{"embeddable":true,"href":"https:\/\/lestracesdelinfo.com\/index.php\/wp-json\/wp\/v2\/comments?post=64469"}],"version-history":[{"count":1,"href":"https:\/\/lestracesdelinfo.com\/index.php\/wp-json\/wp\/v2\/posts\/64469\/revisions"}],"predecessor-version":[{"id":64471,"href":"https:\/\/lestracesdelinfo.com\/index.php\/wp-json\/wp\/v2\/posts\/64469\/revisions\/64471"}],"wp:featuredmedia":[{"embeddable":true,"href":"https:\/\/lestracesdelinfo.com\/index.php\/wp-json\/wp\/v2\/media\/64470"}],"wp:attachment":[{"href":"https:\/\/lestracesdelinfo.com\/index.php\/wp-json\/wp\/v2\/media?parent=64469"}],"wp:term":[{"taxonomy":"category","embeddable":true,"href":"https:\/\/lestracesdelinfo.com\/index.php\/wp-json\/wp\/v2\/categories?post=64469"},{"taxonomy":"post_tag","embeddable":true,"href":"https:\/\/lestracesdelinfo.com\/index.php\/wp-json\/wp\/v2\/tags?post=64469"}],"curies":[{"name":"wp","href":"https:\/\/api.w.org\/{rel}","templated":true}]}}