{"id":64482,"date":"2026-03-11T22:57:18","date_gmt":"2026-03-11T22:57:18","guid":{"rendered":"https:\/\/lestracesdelinfo.com\/?p=64482"},"modified":"2026-03-11T22:57:21","modified_gmt":"2026-03-11T22:57:21","slug":"bekaye-ould-abdel-malick-a-in-aucun-element-ne-permet-a-ce-stade-de-qualifier-laffaire-de-nouha-de-crime-desclavage","status":"publish","type":"post","link":"https:\/\/lestracesdelinfo.com\/index.php\/2026\/03\/11\/bekaye-ould-abdel-malick-a-in-aucun-element-ne-permet-a-ce-stade-de-qualifier-laffaire-de-nouha-de-crime-desclavage\/","title":{"rendered":"Bekaye Ould Abdel Malick \u00e0 IN : \u00ab Aucun \u00e9l\u00e9ment ne permet, \u00e0 ce stade, de qualifier l\u2019affaire de Nouha de crime d\u2019esclavage \u00bb"},"content":{"rendered":"\n<figure class=\"wp-block-image size-large\"><img loading=\"lazy\" decoding=\"async\" width=\"645\" height=\"1024\" src=\"https:\/\/lestracesdelinfo.com\/wp-content\/uploads\/2026\/03\/image-5-645x1024.png\" alt=\"\" class=\"wp-image-64483\" srcset=\"https:\/\/lestracesdelinfo.com\/wp-content\/uploads\/2026\/03\/image-5-645x1024.png 645w, https:\/\/lestracesdelinfo.com\/wp-content\/uploads\/2026\/03\/image-5-189x300.png 189w, https:\/\/lestracesdelinfo.com\/wp-content\/uploads\/2026\/03\/image-5-768x1220.png 768w, https:\/\/lestracesdelinfo.com\/wp-content\/uploads\/2026\/03\/image-5.png 806w\" sizes=\"auto, (max-width: 645px) 100vw, 645px\" \/><\/figure>\n\n\n\n<p><strong>INITIATIVES NEWS <\/strong>&#8211; La Commission nationale des droits de l\u2019homme (CNDH) et le Bureau du Haut-Commissariat des Nations unies aux droits de l\u2019homme ont men\u00e9 une mission d\u2019enqu\u00eate conjointe sur l\u2019affaire de la jeune Nouha Mohamed et sur les conditions d\u2019arrestation de membres du mouvement IRA.<br><br>Dans cet entretien exclusif \u00e0 Initiatives News, le pr\u00e9sident de la CNDH, Bekaye Ould Abdel Malick, revient sur les conclusions de cette mission et sur les recommandations adress\u00e9es aux autorit\u00e9s.<br><br><strong>Initiatives News : Monsieur Bekaye Ould Abdel Malick, vous aviez annonc\u00e9 une mission d\u2019enqu\u00eate conjointe avec le Bureau du Haut-Commissaire des Nations Unies aux droits de l\u2019homme. Maintenant que cette enqu\u00eate est boucl\u00e9e, quelles sont vos conclusions principales concernant les conditions d\u2019arrestation et de d\u00e9tention des membres de l\u2019IRA ?<\/strong><br><br>Bekaye Ould Abdel Malick : Je tiens d\u2019abord \u00e0 pr\u00e9ciser que la mission d\u2019enqu\u00eate conjointe de la Commission nationale des droits de l\u2019homme et du Bureau du Haut-Commissariat des Nations unies aux droits de l\u2019homme \u00e0 Nouakchott ne se limitait pas uniquement \u00e0 l\u2019examen des conditions de d\u00e9tention des membres du mouvement IRA.<br><br>L\u2019objectif principal \u00e9tait d\u2019abord d\u2019enqu\u00eater sur l\u2019\u00e9tat d\u2019esclavage pr\u00e9sum\u00e9 de la jeune fille Nouha, puis d\u2019examiner les conditions de d\u00e9tention des personnes arr\u00eat\u00e9es au sein du mouvement IRA. Les arrestations sont intervenues apr\u00e8s le d\u00e9ploiement de la mission, qui s\u2019est d\u00e9roul\u00e9e en deux phases.<br><br><strong>\u00ab Les \u00e9l\u00e9ments de preuve actuellement disponibles confirment l\u2019absence d\u2019intention ou d\u2019actes permettant de qualifier cette affaire de crime d\u2019esclavage au sens de la loi 031\/2015. \u00bb<\/strong><br><br>Notre enqu\u00eate a abouti \u00e0 trois constats principaux :<br><br>Premier constat : Les \u00e9l\u00e9ments de preuve disponibles ne permettent pas de qualifier ce cas de crime d\u2019esclavage au sens de l\u2019article 3 de la loi 031\/2015. \u00c0 ce stade, aucune preuve formelle d\u2019un cas d\u2019esclavage n\u2019a \u00e9t\u00e9 \u00e9tablie dans cette affaire.<br><br>Deuxi\u00e8me constat : Des \u00e9l\u00e9ments factuels indiquent que la mineure accomplissait certaines t\u00e2ches domestiques. Cette situation n\u00e9cessite une analyse approfondie au regard du droit mauritanien et des obligations de l\u2019\u00c9tat en mati\u00e8re de protection des mineurs.<br><br>Troisi\u00e8me constat : La diffusion massive de contenus audiovisuels mettant en sc\u00e8ne une mineure soul\u00e8ve de s\u00e9rieuses pr\u00e9occupations quant au respect de la vie priv\u00e9e et \u00e0 la protection de l\u2019int\u00e9r\u00eat sup\u00e9rieur de l\u2019enfant.<br><br><strong>\u00ab Une v\u00e9ritable action humanitaire ne devrait pas conduire quelqu\u2019un derri\u00e8re les barreaux \u00bb<\/strong><br><br><strong>Initiatives News : Le mouvement IRA d\u00e9non\u00e7ait une \u00ab criminalisation \u00bb de son action humanitaire, alors que la justice \u00e9voquait un trouble \u00e0 l\u2019ordre public. Votre rapport confirme-t-il que les proc\u00e9dures judiciaires ont respect\u00e9 les libert\u00e9s fondamentales de ces militants ?<\/strong><br><br>Bekaye Ould Abdel Malick : Honn\u00eatement, je ne sais pas si l\u2019on peut qualifier d\u2019\u00ab action humanitaire \u00bb ce qu\u2019ont fait les membres de l\u2019IRA.<br><br><strong>\u00ab Une personne qui accomplit v\u00e9ritablement une action humanitaire ne devrait pas \u00eatre jet\u00e9e derri\u00e8re les barreaux. \u00bb<\/strong><br><br>Je ne suis pas ici pour contester les d\u00e9cisions de justice. Cela ne rel\u00e8ve pas de ma comp\u00e9tence. Je crois n\u00e9anmoins en l\u2019impartialit\u00e9 du syst\u00e8me judiciaire de mon pays.<br><br>Il faut aussi rappeler que les personnes plac\u00e9es en d\u00e9tention provisoire peuvent introduire des recours pour demander la requalification des charges devant la cour p\u00e9nale.<br><br>Par ailleurs, la CNDH regrette le manque de coop\u00e9ration de deux membres du mouvement IRA avec la mission d\u2019enqu\u00eate conjointe.<br><br><strong>\u00ab Leur coop\u00e9ration aurait grandement facilit\u00e9 le travail de la mission et permis d\u2019\u00e9tablir plus clairement le statut juridique de leur arrestation. \u00bb<\/strong><br><br><strong>Initiatives News : Concernant le dossier de la jeune Nouha Mohamed, l\u2019enqu\u00eate de la CNDH a-t-elle relev\u00e9 des \u00e9l\u00e9ments permettant d\u2019\u00e9carter les craintes d\u2019impunit\u00e9 ou d\u2019interf\u00e9rences politiques ?<\/strong><br><br>Bekaye Ould Abdel Malick : En toute sinc\u00e9rit\u00e9, je ne crois pas \u00e0 l\u2019impunit\u00e9 des auteurs de crimes d\u2019esclavage en Mauritanie.<br><br><strong>\u00ab S\u2019il y avait impunit\u00e9, il n\u2019y aurait ni emprisonnements, ni enqu\u00eates, ni amendes lourdes, ni peines s\u00e9v\u00e8res prononc\u00e9es dans ces affaires. \u00bb<\/strong><br><br>Des ONG, y compris les plus critiques, ont signal\u00e9 dans le pass\u00e9 plusieurs cas d\u2019esclavage et ces signalements ont pu \u00eatre examin\u00e9s.<br><br>\u00c0 mon sens, ni le pouvoir ex\u00e9cutif ni le pouvoir judiciaire ne devraient \u00eatre mis en cause dans cette affaire.<br><br>Concernant les membres de l\u2019IRA actuellement d\u00e9tenus, nous appelons n\u00e9anmoins les autorit\u00e9s judiciaires \u00e0 garantir toutes les garanties proc\u00e9durales n\u00e9cessaires et \u00e0 assurer une communication institutionnelle claire afin d\u2019\u00e9viter toute exploitation politique du dossier.<br><br><strong>\u00ab Le signalement de l\u2019esclavage est un droit de chaque citoyen, mais tout le monde ne peut pas \u00eatre partie civile \u00bb<\/strong><br><br><strong>Initiatives News : Quelles recommandations adressez-vous aux autorit\u00e9s pour \u00e9viter que la lutte contre l\u2019esclavage ne devienne un point de rupture entre forces de s\u00e9curit\u00e9 et d\u00e9fenseurs des droits humains ?<\/strong><br><br>Bekaye Ould Abdel Malick : Il ne faut pas parler de rupture permanente entre les officiers de police judiciaire et les d\u00e9fenseurs des droits humains. Bien au contraire.<br><br><strong>\u00ab Les officiers de la police judiciaire jouent un r\u00f4le essentiel dans la poursuite des auteurs de crimes d\u2019esclavage et leur traduction en justice. \u00bb<\/strong><br><br>La question essentielle concerne plut\u00f4t qui est habilit\u00e9 \u00e0 agir en justice dans ces affaires.<br><br>Trois cat\u00e9gories peuvent se constituer partie civile :<br><br>la victime elle-m\u00eame ou son repr\u00e9sentant l\u00e9gal ;<br><br>l\u2019institution comp\u00e9tente, notamment le Commissariat aux droits de l\u2019homme ;<br><br>les organisations de la soci\u00e9t\u00e9 civile dont le statut le pr\u00e9voit et qui disposent d\u2019au moins cinq ans d\u2019existence.<br><br><strong>\u00ab Le signalement d\u2019un crime d\u2019esclavage est un droit et m\u00eame un devoir de chaque citoyen, mais cela ne signifie pas que chacun peut se constituer partie civile. \u00bb<\/strong><br><br>Dans un contexte social fragile, il est n\u00e9cessaire de clarifier les m\u00e9canismes de signalement afin d\u2019\u00e9viter les tensions.<br><br>C\u2019est pourquoi l\u2019une des recommandations majeures de la mission est l\u2019\u00e9laboration d\u2019un protocole national de signalement des cas d\u2019esclavage et d\u2019exploitation des enfants.<br><br><strong>\u00ab La CNDH suivra de pr\u00e8s l\u2019\u00e9volution de cette proc\u00e9dure judiciaire \u00bb<\/strong><br><br><strong>Initiatives News : Quelle sera la suite concr\u00e8te de ce rapport ?<\/strong><br><br>Bekaye Ould Abdel Malick : La Commission nationale des droits de l\u2019homme a pour mission de surveiller les violations des droits humains et de formuler des recommandations aux autorit\u00e9s comp\u00e9tentes.<br><br><strong>\u00ab Si des violations des droits humains sont constat\u00e9es, la Commission n\u2019h\u00e9sitera pas \u00e0 exercer pleinement ses pr\u00e9rogatives. \u00bb<\/strong><br><br>L\u2019une des recommandations de la mission pr\u00e9voit \u00e9galement un suivi rigoureux de l\u2019\u00e9volution de la proc\u00e9dure judiciaire, assur\u00e9 conjointement par la CNDH et le Bureau du Haut-Commissariat des Nations unies aux droits de l\u2019homme. Je vous remercie.<br><br>Entretien conduit par\u00a0<strong>Oumar Elhaj Thiam<\/strong><br><br>(Mise en forme \u00e0 l\u2019aide de l\u2019IA)<\/p>\n","protected":false},"excerpt":{"rendered":"<p>INITIATIVES NEWS &#8211; La Commission nationale des droits de l\u2019homme (CNDH) et le Bureau du Haut-Commissariat des Nations unies aux droits de l\u2019homme ont men\u00e9 une mission d\u2019enqu\u00eate conjointe sur l\u2019affaire de la jeune Nouha Mohamed et sur les conditions d\u2019arrestation de membres du mouvement IRA. Dans cet entretien exclusif \u00e0 Initiatives News, le pr\u00e9sident [&hellip;]<\/p>\n","protected":false},"author":2,"featured_media":64484,"comment_status":"open","ping_status":"open","sticky":false,"template":"","format":"standard","meta":{"footnotes":""},"categories":[1449],"tags":[],"class_list":["post-64482","post","type-post","status-publish","format-standard","has-post-thumbnail","hentry","category-national"],"_links":{"self":[{"href":"https:\/\/lestracesdelinfo.com\/index.php\/wp-json\/wp\/v2\/posts\/64482","targetHints":{"allow":["GET"]}}],"collection":[{"href":"https:\/\/lestracesdelinfo.com\/index.php\/wp-json\/wp\/v2\/posts"}],"about":[{"href":"https:\/\/lestracesdelinfo.com\/index.php\/wp-json\/wp\/v2\/types\/post"}],"author":[{"embeddable":true,"href":"https:\/\/lestracesdelinfo.com\/index.php\/wp-json\/wp\/v2\/users\/2"}],"replies":[{"embeddable":true,"href":"https:\/\/lestracesdelinfo.com\/index.php\/wp-json\/wp\/v2\/comments?post=64482"}],"version-history":[{"count":1,"href":"https:\/\/lestracesdelinfo.com\/index.php\/wp-json\/wp\/v2\/posts\/64482\/revisions"}],"predecessor-version":[{"id":64485,"href":"https:\/\/lestracesdelinfo.com\/index.php\/wp-json\/wp\/v2\/posts\/64482\/revisions\/64485"}],"wp:featuredmedia":[{"embeddable":true,"href":"https:\/\/lestracesdelinfo.com\/index.php\/wp-json\/wp\/v2\/media\/64484"}],"wp:attachment":[{"href":"https:\/\/lestracesdelinfo.com\/index.php\/wp-json\/wp\/v2\/media?parent=64482"}],"wp:term":[{"taxonomy":"category","embeddable":true,"href":"https:\/\/lestracesdelinfo.com\/index.php\/wp-json\/wp\/v2\/categories?post=64482"},{"taxonomy":"post_tag","embeddable":true,"href":"https:\/\/lestracesdelinfo.com\/index.php\/wp-json\/wp\/v2\/tags?post=64482"}],"curies":[{"name":"wp","href":"https:\/\/api.w.org\/{rel}","templated":true}]}}