{"id":64505,"date":"2026-03-14T11:46:18","date_gmt":"2026-03-14T11:46:18","guid":{"rendered":"https:\/\/lestracesdelinfo.com\/?p=64505"},"modified":"2026-03-14T11:46:23","modified_gmt":"2026-03-14T11:46:23","slug":"basket-mondial-feminin-2026-point-sur-les-equipes-africaines","status":"publish","type":"post","link":"https:\/\/lestracesdelinfo.com\/index.php\/2026\/03\/14\/basket-mondial-feminin-2026-point-sur-les-equipes-africaines\/","title":{"rendered":"Basket\/Mondial f\u00e9minin 2026 : point sur les \u00e9quipes africaines"},"content":{"rendered":"\n<p><img loading=\"lazy\" decoding=\"async\" width=\"32\" height=\"32\" srcset=\"https:\/\/fr.apanews.net\/wp-content\/uploads\/sites\/2\/2023\/02\/APA-Ico-150x150-1-48x48.png 48w, https:\/\/fr.apanews.net\/wp-content\/uploads\/sites\/2\/2023\/02\/APA-Ico-150x150-1-70x70.png 70w, https:\/\/fr.apanews.net\/wp-content\/uploads\/sites\/2\/2023\/02\/APA-Ico-150x150-1-24x24.png 24w, https:\/\/fr.apanews.net\/wp-content\/uploads\/sites\/2\/2023\/02\/APA-Ico-150x150-1-96x96.png 96w, https:\/\/fr.apanews.net\/wp-content\/uploads\/sites\/2\/2023\/02\/APA-Ico-150x150-1.png 150w\" src=\"https:\/\/fr.apanews.net\/wp-content\/uploads\/sites\/2\/2023\/02\/APA-Ico-150x150-1-48x48.png\" alt=\"APA-Abuja (Nig\u00e9ria)\"><a>APA-Abuja (Nig\u00e9ria)<\/a><\/p>\n\n\n\n<figure class=\"wp-block-image\"><img decoding=\"async\" src=\"https:\/\/fr.apanews.net\/wp-content\/uploads\/sites\/2\/2026\/03\/image-2026-03-13T103548.005-1-1024x565.png\" alt=\"\" title=\"Basket\/Mondial f\u00e9minin 2026 : point sur les \u00e9quipes africaines\"\/><\/figure>\n\n\n\n<p><a href=\"https:\/\/www.facebook.com\/sharer.php?u=https%3A%2F%2Ffr.apanews.net%2Fsenegal%2Fbasket-qualifications-mondial-feminin-2026-point-sur-les-equipes-africaines%2F\" target=\"_blank\" rel=\"noreferrer noopener\"><\/a><a href=\"https:\/\/twitter.com\/intent\/tweet?url=https%3A%2F%2Ffr.apanews.net%2Fsenegal%2Fbasket-qualifications-mondial-feminin-2026-point-sur-les-equipes-africaines%2F&amp;text=Basket%2FMondial%20f%C3%A9minin%202026%20%3A%20point%20sur%20les%20%C3%A9quipes%20africaines\" target=\"_blank\" rel=\"noreferrer noopener\"><\/a><a href=\"https:\/\/wa.me\/?text=Basket%2FMondial%20f%C3%A9minin%202026%20%3A%20point%20sur%20les%20%C3%A9quipes%20africaines%20https%3A%2F%2Ffr.apanews.net%2Fsenegal%2Fbasket-qualifications-mondial-feminin-2026-point-sur-les-equipes-africaines%2F\" target=\"_blank\" rel=\"noreferrer noopener\"><\/a><a href=\"mailto:?subject=Basket%2FMondial%20f%C3%A9minin%202026%20%3A%20point%20sur%20les%20%C3%A9quipes%20africaines&amp;body=https%3A%2F%2Ffr.apanews.net%2Fsenegal%2Fbasket-qualifications-mondial-feminin-2026-point-sur-les-equipes-africaines%2F\" target=\"_blank\" rel=\"noreferrer noopener\"><\/a><a href=\"https:\/\/www.linkedin.com\/shareArticle?mini=true&amp;url=https%3A%2F%2Ffr.apanews.net%2Fsenegal%2Fbasket-qualifications-mondial-feminin-2026-point-sur-les-equipes-africaines%2F\" target=\"_blank\" rel=\"noreferrer noopener\"><\/a><a href=\"https:\/\/t.me\/share\/url?url=https%3A%2F%2Ffr.apanews.net%2Fsenegal%2Fbasket-qualifications-mondial-feminin-2026-point-sur-les-equipes-africaines%2F&amp;title=Basket%2FMondial%20f%C3%A9minin%202026%20%3A%20point%20sur%20les%20%C3%A9quipes%20africaines\" target=\"_blank\" rel=\"noreferrer noopener\"><\/a><strong>Les deux premi\u00e8res journ\u00e9es des tournois qualificatifs pour la Coupe du monde f\u00e9minine de basket-ball 2026 ont d\u00e9j\u00e0 livr\u00e9 leurs premiers enseignements pour les \u00e9quipes africaines.<\/strong><\/p>\n\n\n\n<p>La qualification pour le Mondial f\u00e9minin de basketball en perspective, le S\u00e9n\u00e9gal, le Mali et le Soudan du Sud ont enregistr\u00e9 leurs premiers r\u00e9sultats, tandis que le Nig\u00e9ria, champion continental, est d\u00e9j\u00e0 assur\u00e9 de participer \u00e0 la phase finale \u00e0 Berlin.<\/p>\n\n\n\n<p>\u00c0 San Juan (Porto\u202fRico), les&nbsp;<em>Lionnes<\/em>&nbsp;du S\u00e9n\u00e9gal ont conc\u00e9d\u00e9 deux d\u00e9faites lors de leurs premiers matchs. Le mercredi 11 mars 2026, elles ont \u00e9t\u00e9 largement battues par les \u00c9tats-Unis (110-46), puis le jeudi 12 mars, elles ont subi la loi de l\u2019Espagne (84-51), malgr\u00e9 un bon d\u00e9part marqu\u00e9 par un panier de Yacine\u202fDiop.<\/p>\n\n\n\n<p>Le Mali, engag\u00e9 \u00e0 Wuhan, a connu un d\u00e9but de tournoi en dents de scie. Apr\u00e8s une d\u00e9faite contre la Chine, les&nbsp;<em>Aigles<\/em>&nbsp;dames se sont relanc\u00e9es lors de la deuxi\u00e8me journ\u00e9e en battant la R\u00e9publique tch\u00e8que (77-64), un succ\u00e8s crucial pour rester dans la course \u00e0 la qualification.<\/p>\n\n\n\n<p>Le Soudan du Sud, de son c\u00f4t\u00e9, a \u00e9t\u00e9 battu lors de ses deux premiers matchs contre la R\u00e9publique tch\u00e8que puis le Br\u00e9sil. Les&nbsp;<em>Bright Starlets<\/em>&nbsp;occupent pour l\u2019instant la derni\u00e8re place de leur groupe et devront imp\u00e9rativement se ressaisir lors des prochaines rencontres.<\/p>\n\n\n\n<p>D\u00e9j\u00e0 qualifi\u00e9es pour la phase finale gr\u00e2ce \u00e0 leur titre continental, les&nbsp;<em>D\u2019Tigress<\/em>&nbsp;du Nig\u00e9ria ont particip\u00e9 aux matchs de classement. Apr\u00e8s une victoire contre la Colombie (70-37), elles ont \u00e9t\u00e9 battues par la Cor\u00e9e du Sud (77-60). Leur prochain d\u00e9fi sera face aux Philippines.<\/p>\n\n\n\n<p>Au total, vingt-quatre \u00e9quipes sont en lice dans les tournois organis\u00e9s \u00e0 Wuhan, San Juan, Istanbul et Lyon. Les s\u00e9lections s\u2019affrontent dans un format toutes rondes, les meilleures de chaque site d\u00e9crochant leur billet pour le Mondial.<\/p>\n\n\n\n<p>Avant le d\u00e9but de ces qualifications, cinq nations avaient d\u00e9j\u00e0 valid\u00e9 leur participation : l\u2019Allemagne en tant que pays h\u00f4te, ainsi que les champions continentaux 2025 que sont les \u00c9tats-Unis, la Belgique, l\u2019Australie et le Nig\u00e9ria.<\/p>\n\n\n\n<p>\u00c0 la veille de la troisi\u00e8me journ\u00e9e, samedi 14 mars 2026, les \u00e9quipes africaines restent pleinement engag\u00e9es dans la course pour rejoindre la phase finale de la Coupe du monde f\u00e9minine, qui se tiendra en septembre \u00e0 Berlin.<\/p>\n\n\n\n<p><strong>SS\/te\/Sf\/APA<\/strong><\/p>\n","protected":false},"excerpt":{"rendered":"<p>APA-Abuja (Nig\u00e9ria) Les deux premi\u00e8res journ\u00e9es des tournois qualificatifs pour la Coupe du monde f\u00e9minine de basket-ball 2026 ont d\u00e9j\u00e0 livr\u00e9 leurs premiers enseignements pour les \u00e9quipes africaines. La qualification pour le Mondial f\u00e9minin de basketball en perspective, le S\u00e9n\u00e9gal, le Mali et le Soudan du Sud ont enregistr\u00e9 leurs premiers r\u00e9sultats, tandis que le [&hellip;]<\/p>\n","protected":false},"author":2,"featured_media":64506,"comment_status":"open","ping_status":"open","sticky":false,"template":"","format":"standard","meta":{"footnotes":""},"categories":[7],"tags":[],"class_list":["post-64505","post","type-post","status-publish","format-standard","has-post-thumbnail","hentry","category-sports"],"_links":{"self":[{"href":"https:\/\/lestracesdelinfo.com\/index.php\/wp-json\/wp\/v2\/posts\/64505","targetHints":{"allow":["GET"]}}],"collection":[{"href":"https:\/\/lestracesdelinfo.com\/index.php\/wp-json\/wp\/v2\/posts"}],"about":[{"href":"https:\/\/lestracesdelinfo.com\/index.php\/wp-json\/wp\/v2\/types\/post"}],"author":[{"embeddable":true,"href":"https:\/\/lestracesdelinfo.com\/index.php\/wp-json\/wp\/v2\/users\/2"}],"replies":[{"embeddable":true,"href":"https:\/\/lestracesdelinfo.com\/index.php\/wp-json\/wp\/v2\/comments?post=64505"}],"version-history":[{"count":1,"href":"https:\/\/lestracesdelinfo.com\/index.php\/wp-json\/wp\/v2\/posts\/64505\/revisions"}],"predecessor-version":[{"id":64507,"href":"https:\/\/lestracesdelinfo.com\/index.php\/wp-json\/wp\/v2\/posts\/64505\/revisions\/64507"}],"wp:featuredmedia":[{"embeddable":true,"href":"https:\/\/lestracesdelinfo.com\/index.php\/wp-json\/wp\/v2\/media\/64506"}],"wp:attachment":[{"href":"https:\/\/lestracesdelinfo.com\/index.php\/wp-json\/wp\/v2\/media?parent=64505"}],"wp:term":[{"taxonomy":"category","embeddable":true,"href":"https:\/\/lestracesdelinfo.com\/index.php\/wp-json\/wp\/v2\/categories?post=64505"},{"taxonomy":"post_tag","embeddable":true,"href":"https:\/\/lestracesdelinfo.com\/index.php\/wp-json\/wp\/v2\/tags?post=64505"}],"curies":[{"name":"wp","href":"https:\/\/api.w.org\/{rel}","templated":true}]}}