{"id":64794,"date":"2026-04-17T09:01:54","date_gmt":"2026-04-17T09:01:54","guid":{"rendered":"https:\/\/lestracesdelinfo.com\/?p=64794"},"modified":"2026-04-17T09:01:55","modified_gmt":"2026-04-17T09:01:55","slug":"visite-detat-de-mohamed-ould-cheikh-el-ghazouani-president-de-la-mauritanie-elysee","status":"publish","type":"post","link":"https:\/\/lestracesdelinfo.com\/index.php\/2026\/04\/17\/visite-detat-de-mohamed-ould-cheikh-el-ghazouani-president-de-la-mauritanie-elysee\/","title":{"rendered":"Visite d&rsquo;\u00c9tat de Mohamed Ould Cheikh El Ghazouani, Pr\u00e9sident de la Mauritanie (Elys\u00e9e)"},"content":{"rendered":"\n<p><img loading=\"lazy\" decoding=\"async\" src=\"https:\/\/www.cridem.org\/media\/photos\/photo\/\/ghazouani_aviste_macront_365232_a.jpg\" alt=\"Visite d'\u00c9tat de Mohamed Ould Cheikh El Ghazouani, Pr\u00e9sident de la Mauritanie (Elys\u00e9e)\" width=\"300\" height=\"200\"><\/p>\n\n\n\n<p><strong>\u00c9lys\u00e9e<\/strong>&nbsp;&#8212; Le Pr\u00e9sident de la R\u00e9publique a re\u00e7u Mohamed Ould Cheikh El Ghazouani, Pr\u00e9sident de la Mauritanie, au Palais de l&rsquo;Elys\u00e9e, ce mercredi.<br><br>A un mois du Sommet Africa Forward qui se tiendra \u00e0 Nairobi les 11 et 12 mai prochains, symbole du partenariat renouvel\u00e9 entre la France et l&rsquo;Afrique, cette visite s&rsquo;inscrit dans la volont\u00e9 de renforcement des liens politiques, culturels et \u00e9conomiques entre la France et la Mauritanie.<br><br>A l&rsquo;arriv\u00e9e du Pr\u00e9sident de la Mauritanie, les deux dirigeants se sont adress\u00e9s \u00e0 la presse. Revoir la d\u00e9claration conjointe :<br><br>&#8212;&#8212;&#8212;&#8212;&#8212;&#8212;&#8212;&#8212;&#8212;&#8212;&#8212;&#8212;&#8212;&#8212;&#8212;&#8212;-<br><br>D\u00e9claration \u00e0 la presse du Pr\u00e9sident de la R\u00e9publique \u00e0 l\u2019occasion de la visite d&rsquo;Etat de Mohamed Ould Cheikh El Ghazouani, Pr\u00e9sident de la R\u00e9publique islamique de Mauritanie.<br><br>Mesdames et Messieurs, en vos rangs et qualit\u00e9s, chers amis, je vous en prie.<br><br>Merci \u00e0 toutes et \u00e0 tous d&rsquo;\u00eatre l\u00e0.<br><br>Monsieur le Pr\u00e9sident, mon cher fr\u00e8re,<br><br>C&rsquo;est un honneur pour la France de vous accueillir \u00e0 Paris pour cette visite d&rsquo;\u00c9tat. Votre pr\u00e9sence ici est un signal, un signal d&rsquo;amiti\u00e9, de confiance, de lucidit\u00e9 aussi dans un monde qui change. Cette visite, la premi\u00e8re \u00e0 ce niveau depuis plus de trente ans, intervient \u00e0 un moment o\u00f9 nos responsabilit\u00e9s communes sont plus grandes que jamais.<br><br>La Mauritanie est un partenaire cl\u00e9 de la France. Elle l&rsquo;est par sa g\u00e9ographie, \u00e0 la crois\u00e9e du monde arabe et de l&rsquo;Afrique. Elle l&rsquo;est par ses choix, ceux que vous portez, ceux de la stabilit\u00e9, du dialogue, de la souverainet\u00e9. Elle l&rsquo;est, enfin, par son r\u00f4le dans une r\u00e9gion sah\u00e9lienne profond\u00e9ment d\u00e9stabilis\u00e9e.<br><br>Dans ce contexte, la Mauritanie fait la d\u00e9monstration que face \u00e0 ces d\u00e9fis, une voie d&rsquo;ind\u00e9pendance strat\u00e9gique, de responsabilit\u00e9 est possible et je veux ici tr\u00e8s solennellement saluer, Monsieur le Pr\u00e9sident, votre action. Face aux crises, face au terrorisme, face aux trafics et aux influences ext\u00e9rieures qui cherchent \u00e0 fragiliser les \u00c9tats, nous faisons un choix commun, celui du partenariat, du respect des souverainet\u00e9s, d&rsquo;une volont\u00e9 d&rsquo;agir ensemble en soutien des efforts des pays de la r\u00e9gion pour \u00e9viter une d\u00e9stabilisation encore plus grande.<br><br>Dans ce monde marqu\u00e9 par le retour des rapports de force, les remises en cause du multilat\u00e9ralisme, la Mauritanie et la France portent une voie claire, celle d&rsquo;un ordre international fond\u00e9 sur des r\u00e8gles, sur la coop\u00e9ration, sur le respect mutuel et l&rsquo;\u00e9quilibre. La Mauritanie y a toute sa place et sa voix compte, en Afrique, dans le monde arabe, aupr\u00e8s de l&rsquo;Europe, dans les enceintes internationales, notamment au sein de la francophonie.<br><br>Nous partageons des positions fortes sur les grands d\u00e9fis contemporains, le climat, la pr\u00e9servation des oc\u00e9ans, la s\u00e9curit\u00e9 alimentaire, mais aussi la n\u00e9cessit\u00e9 de refonder les \u00e9quilibres \u00e9conomiques mondiaux pour donner toute sa place au continent africain. Cette relation strat\u00e9gique doit aussi produire des r\u00e9sultats concrets, c&rsquo;est le sens du renforcement de notre partenariat \u00e9conomique.<br><br>La Mauritanie est aujourd&rsquo;hui un pays d&rsquo;opportunit\u00e9s. Nos entreprises sont d\u00e9j\u00e0 pr\u00e9sentes, elles cr\u00e9ent de l&#8217;emploi, elles investissent. C&rsquo;est ce que fait notamment Meridiam, qui a investi 155 millions d&rsquo;euros dans la construction du terminal \u00e0 conteneur du port de Nouakchott et emploie pr\u00e8s de 350 Mauritaniens.<br><br>C&rsquo;est ce que font d\u00e9j\u00e0 pr\u00e8s de 40 entreprises fran\u00e7aises qui emploient plus de 2 000 Mauritaniennes et Mauritaniens. Mais nous voulons aller plus loin, plus vite, de mani\u00e8re plus structur\u00e9e, c&rsquo;est aussi l&rsquo;ambition de cette visite d&rsquo;\u00c9tat.<br><br>Dans les infrastructures, dans l&rsquo;\u00e9nergie, dans l&rsquo;eau, dans l&rsquo;agriculture, dans les villes de demain, nous avons une responsabilit\u00e9 commune : accompagner le d\u00e9veloppement d&rsquo;une \u00e9conomie cr\u00e9atrice d&#8217;emplois capable de r\u00e9pondre aux attentes de la jeunesse. Je me r\u00e9jouis \u00e0 cet \u00e9gard de noter qu&rsquo;un projet port\u00e9 par une soci\u00e9t\u00e9 fran\u00e7aise, Razel-Bec, gr\u00e2ce \u00e0 un pr\u00eat concessionnel du Tr\u00e9sor fran\u00e7ais, permettra de renforcer de 50 % les capacit\u00e9s de production pour alimenter Nouakchott en eau.<br><br>Dans cette m\u00eame logique, l&rsquo;hybridation de dix centrales thermiques financ\u00e9es \u00e0 hauteur de pr\u00e8s de 40 millions d&rsquo;euros contribuera \u00e0 la construction d&rsquo;un syst\u00e8me \u00e9lectrique plus durable et r\u00e9silient.<br><br>\u00c0 l&rsquo;heure du d\u00e9sengagement international et du repli sur soi, la France fait \u00e9galement le choix de ne pas renoncer aux investissements solidaires, et l\u00e0 o\u00f9 certains partenaires historiques ont ferm\u00e9 leur agence de coop\u00e9ration, au cours des deux derni\u00e8res ann\u00e9es, nous avons doubl\u00e9 notre portefeuille de projets, notamment \u00e0 travers l&rsquo;action de l&rsquo;AFD.<br><br>Cet engagement se manifeste en particulier en appui aux efforts remarquables engag\u00e9s par les autorit\u00e9s mauritaniennes pour accueillir plus de 300 000 r\u00e9fugi\u00e9s \u00e0 l&rsquo;est de la Mauritanie. Je veux ici vous dire combien je sais ce que cela repr\u00e9sente pour votre pays, et, l\u00e0 aussi, saluer votre sens des responsabilit\u00e9s.<br><br>Le message est simple. Face aux d\u00e9s\u00e9quilibres globaux et r\u00e9gionaux, la Mauritanie n&rsquo;est pas seule, et la France continuera de r\u00e9pondre pr\u00e9sent, par ses entreprises, par ses financements, par ses outils de d\u00e9veloppement, et c&rsquo;est aussi dans cet esprit que s&rsquo;inscrit le forum d&rsquo;affaires que vous ouvrirez dans les prochains jours.<br><br>Enfin, Monsieur le Pr\u00e9sident, votre d\u00e9placement \u00e0 Brest autour de la probl\u00e9matique de l&rsquo;\u00e9conomie bleue et de la s\u00e9curit\u00e9 maritime, et dans quelques semaines notre rendez-vous \u00e0 Nairobi pour le sommet Africa Forward, illustrent aussi une ambition plus large : refonder en profondeur la relation entre nos deux pays, entre la France et le continent africain, une relation tourn\u00e9e vers l&rsquo;investissement, l&rsquo;innovation, la jeunesse, les soci\u00e9t\u00e9s civiles. Une relation qui assume pleinement d&rsquo;\u00eatre politique, \u00e9conomique et strat\u00e9gique.<br><br>Nous avons une responsabilit\u00e9 historique qui est celle, justement, de ne pas subir les recompositions du monde, mais d&rsquo;y prendre toute notre part. Nos deux pays entendent le faire ensemble, et toutes ces derni\u00e8res ann\u00e9es, nous avons appris \u00e0 nous conna\u00eetre. J&rsquo;ai vu la d\u00e9termination de votre action, le courage dans les moments les plus difficiles, et je suis tr\u00e8s fier de pouvoir vous accueillir aujourd&rsquo;hui pour cette visite d&rsquo;\u00c9tat avec Madame la Premi\u00e8re dame, avec vos ministres et votre d\u00e9l\u00e9gation, mon cher ami, Monsieur le Pr\u00e9sident.<br><br>Monsieur le Pr\u00e9sident, merci pour votre confiance, pour l&rsquo;amiti\u00e9 que vous portez \u00e0 la France et pour ces pages nouvelles que nous sommes en train d&rsquo;\u00e9crire. Merci beaucoup. Merci beaucoup, Monsieur le Pr\u00e9sident.<br><br>&#8212;&#8212;&#8212;&#8212;&#8212;&#8212;&#8212;&#8212;&#8212;&#8212;&#8212;&#8212;&#8212;&#8212;&#8212;&#8211;<br><br>Puis, les deux dirigeants ont \u00e9chang\u00e9 lors d&rsquo;un entretien bilat\u00e9ral sur plusieurs grands sujets r\u00e9gionaux et internationaux.<br><br>Dans la soir\u00e9e, un d\u00eener d&rsquo;\u00c9tat a eu lieu au Palais de l&rsquo;\u00c9lys\u00e9e.<\/p>\n","protected":false},"excerpt":{"rendered":"<p>\u00c9lys\u00e9e&nbsp;&#8212; Le Pr\u00e9sident de la R\u00e9publique a re\u00e7u Mohamed Ould Cheikh El Ghazouani, Pr\u00e9sident de la Mauritanie, au Palais de l&rsquo;Elys\u00e9e, ce mercredi. A un mois du Sommet Africa Forward qui se tiendra \u00e0 Nairobi les 11 et 12 mai prochains, symbole du partenariat renouvel\u00e9 entre la France et l&rsquo;Afrique, cette visite s&rsquo;inscrit dans la [&hellip;]<\/p>\n","protected":false},"author":2,"featured_media":64795,"comment_status":"open","ping_status":"open","sticky":false,"template":"","format":"standard","meta":{"footnotes":""},"categories":[1304],"tags":[],"class_list":["post-64794","post","type-post","status-publish","format-standard","has-post-thumbnail","hentry","category-linternational"],"_links":{"self":[{"href":"https:\/\/lestracesdelinfo.com\/index.php\/wp-json\/wp\/v2\/posts\/64794","targetHints":{"allow":["GET"]}}],"collection":[{"href":"https:\/\/lestracesdelinfo.com\/index.php\/wp-json\/wp\/v2\/posts"}],"about":[{"href":"https:\/\/lestracesdelinfo.com\/index.php\/wp-json\/wp\/v2\/types\/post"}],"author":[{"embeddable":true,"href":"https:\/\/lestracesdelinfo.com\/index.php\/wp-json\/wp\/v2\/users\/2"}],"replies":[{"embeddable":true,"href":"https:\/\/lestracesdelinfo.com\/index.php\/wp-json\/wp\/v2\/comments?post=64794"}],"version-history":[{"count":1,"href":"https:\/\/lestracesdelinfo.com\/index.php\/wp-json\/wp\/v2\/posts\/64794\/revisions"}],"predecessor-version":[{"id":64796,"href":"https:\/\/lestracesdelinfo.com\/index.php\/wp-json\/wp\/v2\/posts\/64794\/revisions\/64796"}],"wp:featuredmedia":[{"embeddable":true,"href":"https:\/\/lestracesdelinfo.com\/index.php\/wp-json\/wp\/v2\/media\/64795"}],"wp:attachment":[{"href":"https:\/\/lestracesdelinfo.com\/index.php\/wp-json\/wp\/v2\/media?parent=64794"}],"wp:term":[{"taxonomy":"category","embeddable":true,"href":"https:\/\/lestracesdelinfo.com\/index.php\/wp-json\/wp\/v2\/categories?post=64794"},{"taxonomy":"post_tag","embeddable":true,"href":"https:\/\/lestracesdelinfo.com\/index.php\/wp-json\/wp\/v2\/tags?post=64794"}],"curies":[{"name":"wp","href":"https:\/\/api.w.org\/{rel}","templated":true}]}}