{"id":64797,"date":"2026-04-17T09:05:16","date_gmt":"2026-04-17T09:05:16","guid":{"rendered":"https:\/\/lestracesdelinfo.com\/?p=64797"},"modified":"2026-04-17T09:05:18","modified_gmt":"2026-04-17T09:05:18","slug":"force-unifiee-de-laes-chefs-detat-major-reunis-a-ouagadougou","status":"publish","type":"post","link":"https:\/\/lestracesdelinfo.com\/index.php\/2026\/04\/17\/force-unifiee-de-laes-chefs-detat-major-reunis-a-ouagadougou\/","title":{"rendered":"Force unifi\u00e9e de l\u2019AES : chefs d\u2019\u00e9tat-major r\u00e9unis \u00e0 Ouagadougou"},"content":{"rendered":"\n<p><img loading=\"lazy\" decoding=\"async\" width=\"32\" height=\"32\" srcset=\"https:\/\/fr.apanews.net\/wp-content\/uploads\/sites\/2\/2023\/02\/APA-Ico-150x150-1-48x48.png 48w, https:\/\/fr.apanews.net\/wp-content\/uploads\/sites\/2\/2023\/02\/APA-Ico-150x150-1-70x70.png 70w, https:\/\/fr.apanews.net\/wp-content\/uploads\/sites\/2\/2023\/02\/APA-Ico-150x150-1-24x24.png 24w, https:\/\/fr.apanews.net\/wp-content\/uploads\/sites\/2\/2023\/02\/APA-Ico-150x150-1-96x96.png 96w, https:\/\/fr.apanews.net\/wp-content\/uploads\/sites\/2\/2023\/02\/APA-Ico-150x150-1.png 150w\" src=\"https:\/\/fr.apanews.net\/wp-content\/uploads\/sites\/2\/2023\/02\/APA-Ico-150x150-1-48x48.png\" alt=\"APA - Ouagadougou (Burkina Faso)\"><a>APA &#8211; Ouagadougou (Burkina Faso)<\/a><\/p>\n\n\n\n<figure class=\"wp-block-image\"><img decoding=\"async\" src=\"https:\/\/fr.apanews.net\/wp-content\/uploads\/sites\/2\/2026\/04\/image0-1-1024x575.jpg\" alt=\"\" title=\"Force unifi\u00e9e de l\u2019AES : chefs d\u2019\u00e9tat-major r\u00e9unis \u00e0 Ouagadougou\"\/><\/figure>\n\n\n\n<p><a href=\"https:\/\/www.facebook.com\/sharer.php?u=https%3A%2F%2Ffr.apanews.net%2Fsecurity%2Fforce-unifiee-de-laes-chefs-detat-major-reunis-a-ouagadougou%2F\" target=\"_blank\" rel=\"noreferrer noopener\"><\/a><a href=\"https:\/\/twitter.com\/intent\/tweet?url=https%3A%2F%2Ffr.apanews.net%2Fsecurity%2Fforce-unifiee-de-laes-chefs-detat-major-reunis-a-ouagadougou%2F&amp;text=Force%20unifi%C3%A9e%20de%20l%E2%80%99AES%20%3A%20chefs%20d%E2%80%99%C3%A9tat-major%20r%C3%A9unis%20%C3%A0%20Ouagadougou\" target=\"_blank\" rel=\"noreferrer noopener\"><\/a><a href=\"https:\/\/wa.me\/?text=Force%20unifi%C3%A9e%20de%20l%E2%80%99AES%20%3A%20chefs%20d%E2%80%99%C3%A9tat-major%20r%C3%A9unis%20%C3%A0%20Ouagadougou%20https%3A%2F%2Ffr.apanews.net%2Fsecurity%2Fforce-unifiee-de-laes-chefs-detat-major-reunis-a-ouagadougou%2F\" target=\"_blank\" rel=\"noreferrer noopener\"><\/a><a href=\"mailto:?subject=Force%20unifi%C3%A9e%20de%20l%E2%80%99AES%20%3A%20chefs%20d%E2%80%99%C3%A9tat-major%20r%C3%A9unis%20%C3%A0%20Ouagadougou&amp;body=https%3A%2F%2Ffr.apanews.net%2Fsecurity%2Fforce-unifiee-de-laes-chefs-detat-major-reunis-a-ouagadougou%2F\" target=\"_blank\" rel=\"noreferrer noopener\"><\/a><a href=\"https:\/\/www.linkedin.com\/shareArticle?mini=true&amp;url=https%3A%2F%2Ffr.apanews.net%2Fsecurity%2Fforce-unifiee-de-laes-chefs-detat-major-reunis-a-ouagadougou%2F\" target=\"_blank\" rel=\"noreferrer noopener\"><\/a><a href=\"https:\/\/t.me\/share\/url?url=https%3A%2F%2Ffr.apanews.net%2Fsecurity%2Fforce-unifiee-de-laes-chefs-detat-major-reunis-a-ouagadougou%2F&amp;title=Force%20unifi%C3%A9e%20de%20l%E2%80%99AES%20%3A%20chefs%20d%E2%80%99%C3%A9tat-major%20r%C3%A9unis%20%C3%A0%20Ouagadougou\" target=\"_blank\" rel=\"noreferrer noopener\"><\/a><strong>Les chefs d\u2019\u00e9tat-major des arm\u00e9es de l\u2019Alliance des \u00c9tats du Sahel (AES) se r\u00e9unissent les 16 et 17 avril 2026 \u00e0 Ouagadougou afin d\u2019examiner et d\u2019approuver les orientations strat\u00e9giques visant \u00e0 renforcer la mont\u00e9e en puissance de la Force unifi\u00e9e, compos\u00e9e de 15 000 hommes et destin\u00e9e \u00e0 assurer la s\u00e9curit\u00e9 de l\u2019espace conf\u00e9d\u00e9ral.<\/strong><\/p>\n\n\n\n<p>Le Comit\u00e9 des chefs d\u2019\u00e9tat-major de la Conf\u00e9d\u00e9ration (CCEMC) a entam\u00e9 ses travaux ce jeudi dans la capitale burkinab\u00e8. L\u2019objectif principal est de valider les recommandations issues d\u2019une r\u00e9union technique d\u2019experts organis\u00e9e du 7 au 15 avril 2026, \u00e9galement \u00e0 Ouagadougou.<\/p>\n\n\n\n<p>Cette rencontre de deux jours marque une \u00e9tape importante dans l\u2019op\u00e9rationnalisation de la Force unifi\u00e9e de l\u2019AES. Les hauts responsables militaires du Burkina Faso, du Mali et du Niger sont appel\u00e9s \u00e0 se prononcer sur des d\u00e9cisions strat\u00e9giques visant \u00e0 am\u00e9liorer l\u2019efficacit\u00e9 de ce dispositif militaire commun sur le terrain.<\/p>\n\n\n\n<p>Selon le g\u00e9n\u00e9ral de brigade Moussa Diallo, chef d\u2019\u00e9tat-major des arm\u00e9es du Burkina Faso, les d\u00e9cisions attendues devraient avoir un impact direct sur la conduite des op\u00e9rations et faciliter l\u2019accomplissement de la mission du commandement de la Force unifi\u00e9e.<\/p>\n\n\n\n<p>\u00c0 terme, l\u2019ambition est de doter cette force de tous les moyens n\u00e9cessaires \u00e0 son fonctionnement optimal, notamment pour mieux coordonner la lutte contre le terrorisme dans la r\u00e9gion sah\u00e9lienne.<\/p>\n\n\n\n<p>Le g\u00e9n\u00e9ral Diallo a \u00e9galement exprim\u00e9 son soutien aux forces engag\u00e9es sur le terrain, tout en adressant un message ferme \u00e0 toute menace potentielle, affirmant que toute tentative d\u2019attaque contre l\u2019espace AES se heurtera \u00e0 la Force unifi\u00e9e.<\/p>\n\n\n\n<p>Les conclusions de cette session seront soumises \u00e0 l\u2019approbation des chefs d\u2019\u00c9tat des trois pays membres de la Conf\u00e9d\u00e9ration.<\/p>\n\n\n\n<p><strong>HO\/te\/Sf\/APA<\/strong><\/p>\n","protected":false},"excerpt":{"rendered":"<p>APA &#8211; Ouagadougou (Burkina Faso) Les chefs d\u2019\u00e9tat-major des arm\u00e9es de l\u2019Alliance des \u00c9tats du Sahel (AES) se r\u00e9unissent les 16 et 17 avril 2026 \u00e0 Ouagadougou afin d\u2019examiner et d\u2019approuver les orientations strat\u00e9giques visant \u00e0 renforcer la mont\u00e9e en puissance de la Force unifi\u00e9e, compos\u00e9e de 15 000 hommes et destin\u00e9e \u00e0 assurer la [&hellip;]<\/p>\n","protected":false},"author":2,"featured_media":64798,"comment_status":"open","ping_status":"open","sticky":false,"template":"","format":"standard","meta":{"footnotes":""},"categories":[1447],"tags":[],"class_list":["post-64797","post","type-post","status-publish","format-standard","has-post-thumbnail","hentry","category-afrique"],"_links":{"self":[{"href":"https:\/\/lestracesdelinfo.com\/index.php\/wp-json\/wp\/v2\/posts\/64797","targetHints":{"allow":["GET"]}}],"collection":[{"href":"https:\/\/lestracesdelinfo.com\/index.php\/wp-json\/wp\/v2\/posts"}],"about":[{"href":"https:\/\/lestracesdelinfo.com\/index.php\/wp-json\/wp\/v2\/types\/post"}],"author":[{"embeddable":true,"href":"https:\/\/lestracesdelinfo.com\/index.php\/wp-json\/wp\/v2\/users\/2"}],"replies":[{"embeddable":true,"href":"https:\/\/lestracesdelinfo.com\/index.php\/wp-json\/wp\/v2\/comments?post=64797"}],"version-history":[{"count":1,"href":"https:\/\/lestracesdelinfo.com\/index.php\/wp-json\/wp\/v2\/posts\/64797\/revisions"}],"predecessor-version":[{"id":64799,"href":"https:\/\/lestracesdelinfo.com\/index.php\/wp-json\/wp\/v2\/posts\/64797\/revisions\/64799"}],"wp:featuredmedia":[{"embeddable":true,"href":"https:\/\/lestracesdelinfo.com\/index.php\/wp-json\/wp\/v2\/media\/64798"}],"wp:attachment":[{"href":"https:\/\/lestracesdelinfo.com\/index.php\/wp-json\/wp\/v2\/media?parent=64797"}],"wp:term":[{"taxonomy":"category","embeddable":true,"href":"https:\/\/lestracesdelinfo.com\/index.php\/wp-json\/wp\/v2\/categories?post=64797"},{"taxonomy":"post_tag","embeddable":true,"href":"https:\/\/lestracesdelinfo.com\/index.php\/wp-json\/wp\/v2\/tags?post=64797"}],"curies":[{"name":"wp","href":"https:\/\/api.w.org\/{rel}","templated":true}]}}