{"id":64869,"date":"2026-04-27T23:03:49","date_gmt":"2026-04-27T23:03:49","guid":{"rendered":"https:\/\/lestracesdelinfo.com\/?p=64869"},"modified":"2026-04-27T23:03:51","modified_gmt":"2026-04-27T23:03:51","slug":"mali-sadio-camara-le-ministre-de-la-defense-tue-le-25-avril","status":"publish","type":"post","link":"https:\/\/lestracesdelinfo.com\/index.php\/2026\/04\/27\/mali-sadio-camara-le-ministre-de-la-defense-tue-le-25-avril\/","title":{"rendered":"Mali: Sadio Camara, le ministre de la D\u00e9fense tu\u00e9 le 25 avril"},"content":{"rendered":"\n<p><img loading=\"lazy\" decoding=\"async\" width=\"32\" height=\"32\" srcset=\"https:\/\/fr.apanews.net\/wp-content\/uploads\/sites\/2\/2023\/09\/APA-Ico-48x48.png 48w, https:\/\/fr.apanews.net\/wp-content\/uploads\/sites\/2\/2023\/09\/APA-Ico-300x300.png 300w, https:\/\/fr.apanews.net\/wp-content\/uploads\/sites\/2\/2023\/09\/APA-Ico-150x150.png 150w, https:\/\/fr.apanews.net\/wp-content\/uploads\/sites\/2\/2023\/09\/APA-Ico-70x70.png 70w, https:\/\/fr.apanews.net\/wp-content\/uploads\/sites\/2\/2023\/09\/APA-Ico-450x450.png 450w, https:\/\/fr.apanews.net\/wp-content\/uploads\/sites\/2\/2023\/09\/APA-Ico-24x24.png 24w, https:\/\/fr.apanews.net\/wp-content\/uploads\/sites\/2\/2023\/09\/APA-Ico-96x96.png 96w, https:\/\/fr.apanews.net\/wp-content\/uploads\/sites\/2\/2023\/09\/APA-Ico.png 512w\" src=\"https:\/\/fr.apanews.net\/wp-content\/uploads\/sites\/2\/2023\/09\/APA-Ico-48x48.png\" alt=\"APA-Bamako (Mali)\"><a>APA-Bamako (Mali)<\/a><\/p>\n\n\n\n<figure class=\"wp-block-image\"><img decoding=\"async\" src=\"https:\/\/fr.apanews.net\/wp-content\/uploads\/sites\/2\/2023\/10\/FAMAs.webp\" alt=\"\" title=\"Mali: Sadio Camara, le ministre de la D\u00e9fense tu\u00e9 le 25 avril\"\/><\/figure>\n\n\n\n<p>G\u00e9n\u00e9ral Sadio Camara, ministre malien de la D\u00e9fense\/@DR<\/p>\n\n\n\n<p><a href=\"https:\/\/www.facebook.com\/sharer.php?u=https%3A%2F%2Ffr.apanews.net%2Fnews%2Fmali-sadio-camara-qui-etait-le-ministre-de-la-defense-tue-le-25-avril%2F\" target=\"_blank\" rel=\"noreferrer noopener\"><\/a><a href=\"https:\/\/twitter.com\/intent\/tweet?url=https%3A%2F%2Ffr.apanews.net%2Fnews%2Fmali-sadio-camara-qui-etait-le-ministre-de-la-defense-tue-le-25-avril%2F&amp;text=Mali%3A%20Sadio%20Camara%2C%20le%20ministre%20de%20la%20D%C3%A9fense%20tu%C3%A9%20le%2025%20avril\" target=\"_blank\" rel=\"noreferrer noopener\"><\/a><a href=\"https:\/\/wa.me\/?text=Mali%3A%20Sadio%20Camara%2C%20le%20ministre%20de%20la%20D%C3%A9fense%20tu%C3%A9%20le%2025%20avril%20https%3A%2F%2Ffr.apanews.net%2Fnews%2Fmali-sadio-camara-qui-etait-le-ministre-de-la-defense-tue-le-25-avril%2F\" target=\"_blank\" rel=\"noreferrer noopener\"><\/a><a href=\"mailto:?subject=Mali%3A%20Sadio%20Camara%2C%20le%20ministre%20de%20la%20D%C3%A9fense%20tu%C3%A9%20le%2025%20avril&amp;body=https%3A%2F%2Ffr.apanews.net%2Fnews%2Fmali-sadio-camara-qui-etait-le-ministre-de-la-defense-tue-le-25-avril%2F\" target=\"_blank\" rel=\"noreferrer noopener\"><\/a><a href=\"https:\/\/www.linkedin.com\/shareArticle?mini=true&amp;url=https%3A%2F%2Ffr.apanews.net%2Fnews%2Fmali-sadio-camara-qui-etait-le-ministre-de-la-defense-tue-le-25-avril%2F\" target=\"_blank\" rel=\"noreferrer noopener\"><\/a><a href=\"https:\/\/t.me\/share\/url?url=https%3A%2F%2Ffr.apanews.net%2Fnews%2Fmali-sadio-camara-qui-etait-le-ministre-de-la-defense-tue-le-25-avril%2F&amp;title=Mali%3A%20Sadio%20Camara%2C%20le%20ministre%20de%20la%20D%C3%A9fense%20tu%C3%A9%20le%2025%20avril\" target=\"_blank\" rel=\"noreferrer noopener\"><\/a><strong>Figure centrale des deux coups d\u2019\u00c9tat de 2020 et 2021 et principal artisan du pivot strat\u00e9gique vers Moscou, le ministre malien de la D\u00e9fense est mort le 25 avril 2026 lors d\u2019attaques coordonn\u00e9es contre plusieurs villes du Mali.<\/strong><\/p>\n\n\n\n<p>Il aura fallu une offensive d\u2019une ampleur in\u00e9dite pour abattre l\u2019homme qui avait lui-m\u00eame contribu\u00e9 \u00e0 remodeler l\u2019architecture s\u00e9curitaire du Mali. Sadio Camara, ministre de la D\u00e9fense et des Anciens Combattants, est mort le 25 avril 2026 des suites de blessures re\u00e7ues lors d\u2019attaques simultan\u00e9es revendiqu\u00e9es par le Groupe de soutien \u00e0 l\u2019islam et aux musulmans (JNIM) et le Front pour la lib\u00e9ration de l\u2019Azawad (FLA). Il avait 47 ans.<\/p>\n\n\n\n<p><strong>Des origines militaires classiques<\/strong><\/p>\n\n\n\n<p>N\u00e9 en 1979 \u00e0 Kati, ville garnison \u00e0 une vingtaine de kilom\u00e8tres de Bamako, Sadio Camara suit une formation militaire \u00e0 l\u2019\u00c9cole militaire interarmes de Koulikoro, dont il sort major de promotion. Il s\u2019engage ensuite comme officier de terrain dans le nord du Mali, notamment aux c\u00f4t\u00e9s du g\u00e9n\u00e9ral El Hadj Gamou, actuel gouverneur de Kidal, la ville reprise par les rebelles et le JNIM, dans une p\u00e9riode marqu\u00e9e par la mont\u00e9e des tensions dans le Sahel.<\/p>\n\n\n\n<p>Dans les ann\u00e9es qui pr\u00e9c\u00e8dent la crise de 2012, il construit progressivement un r\u00e9seau d\u2019influence au sein de l\u2019institution militaire, notamment \u00e0 travers des fonctions d\u2019encadrement et de formation \u00e0 Kati. Ce positionnement discret mais strat\u00e9gique lui ouvre les portes d\u2019une ascension acc\u00e9l\u00e9r\u00e9e.<\/p>\n\n\n\n<p><strong>L\u2019entr\u00e9e dans le sillage du 18 ao\u00fbt<\/strong><\/p>\n\n\n\n<p>Son irruption sur la sc\u00e8ne publique est directement li\u00e9e au coup d\u2019\u00c9tat du 18 ao\u00fbt 2020, qui renverse le pr\u00e9sident Ibrahim Boubacar Ke\u00efta apr\u00e8s des manifestations initi\u00e9es par l\u2019Imam Dicko et quelques figures politiques maliennes. De retour d\u2019une formation en Russie, Sadio Camara est nomm\u00e9 ministre de la D\u00e9fense le 5 octobre 2020 dans le gouvernement de transition.<\/p>\n\n\n\n<p>Sa trajectoire conna\u00eet alors une inflexion brutale : le 24 mai 2021, il est \u00e9cart\u00e9 de ses fonctions quelques heures avant le coup de force conduit par Assimi Go\u00efta contre le pr\u00e9sident de transition Bah N\u2019Daw. Sa mise \u00e0 l\u2019\u00e9cart pr\u00e9alable \u00e0 l\u2019op\u00e9ration, suivie de son r\u00e9tablissement rapide le 11 juin 2021, interroge les observateurs sur son r\u00f4le exact lors de cet \u00e9pisode. Toujours est-il qu\u2019il sort renforc\u00e9 de la s\u00e9quence, s\u2019imposant comme l\u2019un des piliers du pouvoir de transition et un proche du chef de l\u2019\u00c9tat.<\/p>\n\n\n\n<p><strong>L\u2019architecte du pivot strat\u00e9gique<\/strong><\/p>\n\n\n\n<p>C\u2019est \u00e0 partir de 2021 que Sadio Camara acquiert une stature r\u00e9gionale. Identifi\u00e9 comme l\u2019un des principaux architectes du r\u00e9alignement diplomatique et s\u00e9curitaire du Mali, il incarne la rupture progressive avec les partenaires occidentaux traditionnels : retrait des forces fran\u00e7aises, fin de l\u2019op\u00e9ration Barkhane, d\u00e9part de la Minusma en 2023.<\/p>\n\n\n\n<p>En parall\u00e8le, il \u0153uvre au rapprochement avec Moscou, concr\u00e9tis\u00e9 par l\u2019arriv\u00e9e d\u2019instructeurs russes puis par le d\u00e9ploiement de Africa Corps aux c\u00f4t\u00e9s des Forces arm\u00e9es maliennes (FAMa). Ce positionnement lui vaut en juillet 2023 des sanctions am\u00e9ricaines pour son r\u00f4le pr\u00e9sum\u00e9 dans l\u2019installation du groupe Wagner, sanctions finalement lev\u00e9es en f\u00e9vrier 2026.<\/p>\n\n\n\n<p>Son nom est \u00e9galement associ\u00e9 aux op\u00e9rations de Moura, men\u00e9es en mars 2022 dans la r\u00e9gion de Mopti. Des organisations internationales de d\u00e9fense des droits humains ont \u00e9voqu\u00e9 des pertes civiles massives lors de ces op\u00e9rations, une version fermement contest\u00e9e par les autorit\u00e9s maliennes.<\/p>\n\n\n\n<p><strong>Une mort en premi\u00e8re ligne<\/strong><\/p>\n\n\n\n<p>Le 25 avril 2026, d\u00e8s l\u2019aube, des attaques coordonn\u00e9es frappent simultan\u00e9ment Bamako, Kati, Gao, Kidal et S\u00e9var\u00e9, ciblant des sites strat\u00e9giques, la r\u00e9sidence pr\u00e9sidentielle, le minist\u00e8re de la D\u00e9fense et l\u2019a\u00e9roport international Modibo Ke\u00efta. \u00c0 Kati, la r\u00e9sidence de Sadio Camara est vis\u00e9e par un v\u00e9hicule pi\u00e9g\u00e9 conduit par un kamikaze.<\/p>\n\n\n\n<p>Selon le communiqu\u00e9 officiel diffus\u00e9 par la t\u00e9l\u00e9vision nationale, le ministre engage des \u00e9changes avec les assaillants et parvient \u00e0 neutraliser plusieurs d\u2019entre eux avant d\u2019\u00eatre gri\u00e8vement bless\u00e9. Il succombe \u00e0 ses blessures apr\u00e8s avoir \u00e9t\u00e9 transport\u00e9 \u00e0 l\u2019h\u00f4pital. L\u2019explosion provoque l\u2019effondrement partiel de sa r\u00e9sidence et la destruction d\u2019une mosqu\u00e9e voisine, causant la mort de plusieurs fid\u00e8les.<\/p>\n\n\n\n<p><strong>Une disparition aux implications incertaines<\/strong><\/p>\n\n\n\n<p>Le gouvernement de transition, qui parle d\u2019attaques \u00ab&nbsp;<em>complexes et coordonn\u00e9es<\/em>&nbsp;\u00bb tout en assurant contr\u00f4ler la situation, a instaur\u00e9 un couvre-feu de 72 heures sur Bamako. L\u2019a\u00e9roport international reste ferm\u00e9. L\u2019Africa Corps \u00e9voque pour sa part une \u00ab&nbsp;<em>tentative de coup d\u2019\u00c9tat<\/em>&nbsp;\u00bb impliquant plusieurs milliers de combattants.<\/p>\n\n\n\n<p>La mort de Sadio Camara repr\u00e9sente la perte politico-militaire la plus significative officiellement reconnue depuis le d\u00e9but de cette offensive. Elle soul\u00e8ve des questions sur l\u2019\u00e9quilibre interne du pouvoir de transition et sur la continuit\u00e9 de la doctrine s\u00e9curitaire qu\u2019il avait largement contribu\u00e9 \u00e0 d\u00e9finir. Des fun\u00e9railles nationales ont \u00e9t\u00e9 annonc\u00e9es.<\/p>\n\n\n\n<p><strong>MD\/ac\/Sf\/APA<\/strong><\/p>\n","protected":false},"excerpt":{"rendered":"<p>APA-Bamako (Mali) G\u00e9n\u00e9ral Sadio Camara, ministre malien de la D\u00e9fense\/@DR Figure centrale des deux coups d\u2019\u00c9tat de 2020 et 2021 et principal artisan du pivot strat\u00e9gique vers Moscou, le ministre malien de la D\u00e9fense est mort le 25 avril 2026 lors d\u2019attaques coordonn\u00e9es contre plusieurs villes du Mali. Il aura fallu une offensive d\u2019une ampleur [&hellip;]<\/p>\n","protected":false},"author":2,"featured_media":64870,"comment_status":"open","ping_status":"open","sticky":false,"template":"","format":"standard","meta":{"footnotes":""},"categories":[1447],"tags":[],"class_list":["post-64869","post","type-post","status-publish","format-standard","has-post-thumbnail","hentry","category-afrique"],"_links":{"self":[{"href":"https:\/\/lestracesdelinfo.com\/index.php\/wp-json\/wp\/v2\/posts\/64869","targetHints":{"allow":["GET"]}}],"collection":[{"href":"https:\/\/lestracesdelinfo.com\/index.php\/wp-json\/wp\/v2\/posts"}],"about":[{"href":"https:\/\/lestracesdelinfo.com\/index.php\/wp-json\/wp\/v2\/types\/post"}],"author":[{"embeddable":true,"href":"https:\/\/lestracesdelinfo.com\/index.php\/wp-json\/wp\/v2\/users\/2"}],"replies":[{"embeddable":true,"href":"https:\/\/lestracesdelinfo.com\/index.php\/wp-json\/wp\/v2\/comments?post=64869"}],"version-history":[{"count":1,"href":"https:\/\/lestracesdelinfo.com\/index.php\/wp-json\/wp\/v2\/posts\/64869\/revisions"}],"predecessor-version":[{"id":64871,"href":"https:\/\/lestracesdelinfo.com\/index.php\/wp-json\/wp\/v2\/posts\/64869\/revisions\/64871"}],"wp:featuredmedia":[{"embeddable":true,"href":"https:\/\/lestracesdelinfo.com\/index.php\/wp-json\/wp\/v2\/media\/64870"}],"wp:attachment":[{"href":"https:\/\/lestracesdelinfo.com\/index.php\/wp-json\/wp\/v2\/media?parent=64869"}],"wp:term":[{"taxonomy":"category","embeddable":true,"href":"https:\/\/lestracesdelinfo.com\/index.php\/wp-json\/wp\/v2\/categories?post=64869"},{"taxonomy":"post_tag","embeddable":true,"href":"https:\/\/lestracesdelinfo.com\/index.php\/wp-json\/wp\/v2\/tags?post=64869"}],"curies":[{"name":"wp","href":"https:\/\/api.w.org\/{rel}","templated":true}]}}