{"id":64872,"date":"2026-04-27T23:05:48","date_gmt":"2026-04-27T23:05:48","guid":{"rendered":"https:\/\/lestracesdelinfo.com\/?p=64872"},"modified":"2026-04-27T23:05:52","modified_gmt":"2026-04-27T23:05:52","slug":"attaques-au-mali-or-coton-et-pib-ce-que-lon-sait-du-contexte-economique","status":"publish","type":"post","link":"https:\/\/lestracesdelinfo.com\/index.php\/2026\/04\/27\/attaques-au-mali-or-coton-et-pib-ce-que-lon-sait-du-contexte-economique\/","title":{"rendered":"Attaques au Mali\u00a0: or, coton et PIB, ce que l\u2019on sait du contexte \u00e9conomique"},"content":{"rendered":"\n<figure class=\"wp-block-image\"><img decoding=\"async\" src=\"https:\/\/www.agenceecofin.com\/images\/news\/2704-137888-attaques-au-mali-or-coton-et-pib-ce-que-l-on-sait-du-contexte-economique_M.jpg\" alt=\"Attaques au Mali : or, coton et PIB, ce que l\u2019on sait du contexte \u00e9conomique\"\/><\/figure>\n\n\n\n<p><strong>(Agence Ecofin) &#8211; Pays sah\u00e9lien enclav\u00e9, le Mali s\u2019appuie sur les mati\u00e8res premi\u00e8res pour soutenir son \u00e9conomie et attirer des financements. Mais cette trajectoire reste r\u00e9guli\u00e8rement expos\u00e9e \u00e0 des \u00e9pisodes d\u2019ins\u00e9curit\u00e9, qui continuent de peser sur l\u2019activit\u00e9 et la perception du risque.<\/strong><\/p>\n\n\n\n<p>Au Mali, des attaques coordonn\u00e9es ont vis\u00e9 samedi 25 avril 2026 la capitale Bamako et plusieurs autres localit\u00e9s, touchant des installations militaires et des zones strat\u00e9giques. Selon les autorit\u00e9s, les forces de s\u00e9curit\u00e9 ont \u00e9t\u00e9 mobilis\u00e9es pour contenir l\u2019offensive, qui survient alors que le pays tente de relancer une \u00e9conomie fragilis\u00e9e, encore largement d\u00e9pendante de l\u2019or et du coton.<\/p>\n\n\n\n<p><strong>Une offensive revendiqu\u00e9e par des groupes terroristes<\/strong><\/p>\n\n\n\n<p>D\u2019apr\u00e8s des informations rapport\u00e9es par&nbsp;<em>Reuters&nbsp;<\/em>et&nbsp;<em>Bloomberg<\/em>, des explosions et des tirs ont \u00e9t\u00e9 entendus d\u00e8s les premi\u00e8res heures de la journ\u00e9e de samedi pr\u00e8s de Kati, une ville situ\u00e9e \u00e0 proximit\u00e9 de Bamako qui abrite une importante base militaire. D\u2019autres attaques ont \u00e9t\u00e9 signal\u00e9es dans des localit\u00e9s du centre et du nord du pays.<\/p>\n\n\n\n<p>L\u2019arm\u00e9e malienne a indiqu\u00e9 avoir repouss\u00e9 l\u2019assaut et lanc\u00e9 des op\u00e9rations de ratissage dans les zones touch\u00e9es. Elle affirme avoir neutralis\u00e9&nbsp;<em>\u00ab&nbsp;plusieurs centaines&nbsp;\u00bb<\/em>&nbsp;d\u2019assaillants. Les autorit\u00e9s ont par ailleurs fait \u00e9tat d\u2019au moins seize bless\u00e9s et assur\u00e9 que la situation \u00e9tait sous contr\u00f4le, tout en instaurant des couvre-feux dans certaines villes. Ces bilans n\u2019ont pas encore \u00e9t\u00e9 confirm\u00e9s par des sources ind\u00e9pendantes.<\/p>\n\n\n\n<p>Les attaques ont \u00e9t\u00e9 revendiqu\u00e9es par le Jama\u2019at Nusrat al-Islam wal-Muslimin (JNIM), un groupe affili\u00e9 \u00e0 Al-Qa\u00efda actif dans la r\u00e9gion sah\u00e9lienne. Dans un communiqu\u00e9 relay\u00e9 par des services de veille sp\u00e9cialis\u00e9s, le groupe affirme avoir vis\u00e9 plusieurs cibles, dont des installations militaires \u00e0 Kati, l\u2019a\u00e9roport de Bamako ainsi que des localit\u00e9s plus au nord, comme Mopti, S\u00e9var\u00e9 et Gao. Des rebelles touaregs du Front de lib\u00e9ration de l\u2019Azawad ont \u00e9galement revendiqu\u00e9 des prises de positions dans certaines zones.<\/p>\n\n\n\n<p>\u00c0 Bamako, des habitants ont signal\u00e9 de la fum\u00e9e et des explosions \u00e0 proximit\u00e9 de l\u2019a\u00e9roport, tandis que des tirs ont \u00e9t\u00e9 entendus pendant plusieurs heures dans certains quartiers. L\u2019a\u00e9roport a \u00e9t\u00e9 temporairement ferm\u00e9 et plusieurs compagnies a\u00e9riennes ont annul\u00e9 leurs vols, alors que des ambassades \u00e9trang\u00e8res ont appel\u00e9 leurs ressortissants \u00e0 rester confin\u00e9s.<\/p>\n\n\n\n<p>Plusieurs m\u00e9dias internationaux rapportent par ailleurs que le ministre de la D\u00e9fense, Sadio Camara, aurait \u00e9t\u00e9 tu\u00e9 lors de l\u2019attaque, une information qui n\u2019a pas \u00e9t\u00e9 officiellement confirm\u00e9e.<\/p>\n\n\n\n<p><em>\u00ab&nbsp;Cela ressemble \u00e0 l\u2019attaque coordonn\u00e9e la plus importante depuis des ann\u00e9es&nbsp;\u00bb<\/em>, a d\u00e9clar\u00e9 \u00e0&nbsp;<em>Reuters<\/em>&nbsp;Ulf Laessing, responsable du programme Sahel \u00e0 la fondation allemande Konrad Adenauer.<\/p>\n\n\n\n<p><strong>Un moment charni\u00e8re pour l\u2019\u00e9conomie<\/strong><\/p>\n\n\n\n<p>Cette offensive arrive \u00e0 un moment o\u00f9 l\u2019\u00e9conomie malienne est en qu\u00eate de stabilit\u00e9 apr\u00e8s un ralentissement en 2025, li\u00e9 \u00e0 une baisse de la production d\u2019or (principale source de devises du pays), \u00e0 des perturbations dans l\u2019approvisionnement en carburant et \u00e0 des difficult\u00e9s dans les domaines s\u00e9curitaires et humanitaires.<\/p>\n\n\n\n<p>Le Fonds mon\u00e9taire international (FMI) s\u2019attend \u00e0 une croissance \u00e9conomique d\u2019environ 5,5&nbsp;% en 2026, contre 4,1&nbsp;% l\u2019ann\u00e9e pr\u00e9c\u00e9dente. Cette pr\u00e9vision repose entre autres sur une am\u00e9lioration de la situation s\u00e9curitaire et une reprise attendue de la production d\u2019or, apr\u00e8s le&nbsp;<a href=\"https:\/\/www.agenceecofin.com\/actualites-industries\/1602-135820-or-le-mali-acte-la-detente-avec-barrick-a-loulo-gounkoto-mais-le-flou-persiste\">r\u00e8glement d\u2019un litige<\/a>&nbsp;entre l\u2019\u00c9tat malien et le groupe Barrick autour de la plus grande mine aurif\u00e8re du pays.<\/p>\n\n\n\n<p>Au-del\u00e0 du secteur minier qui comprend \u00e9galement une industrie naissante du lithium, le Mali mise aussi sur l\u2019agriculture, notamment le coton, son deuxi\u00e8me produit d\u2019exportation. Les autorit\u00e9s&nbsp;<a href=\"https:\/\/www.agenceecofin.com\/actualites-agro\/0503-136357-le-mali-vise-une-croissance-de-plus-de-50-de-sa-production-de-coton-en-2026\/2027\">ont indiqu\u00e9<\/a>&nbsp;vouloir augmenter la production de plus de 50&nbsp;% lors de la prochaine campagne. Cette fili\u00e8re reste toutefois confront\u00e9e \u00e0 des contraintes li\u00e9es au climat, aux intrants et \u00e0 l\u2019ins\u00e9curit\u00e9 dans certaines zones rurales. Depuis le pic de 777&nbsp;000 tonnes atteint en 2021\/2022, la production n\u2019a plus franchi la barre des 700&nbsp;000 tonnes, une irr\u00e9gularit\u00e9 qui a contribu\u00e9, selon plusieurs sources, \u00e0 faire perdre au Mali sa place de premier producteur africain au profit du B\u00e9nin.<\/p>\n\n\n\n<p><strong>Des \u00e9quilibres \u00e9conomiques sous surveillance<\/strong><\/p>\n\n\n\n<p>S\u2019il est difficile \u00e0 ce stade de se projeter sur d\u2019\u00e9ventuelles cons\u00e9quences des attaques du 25 avril, plusieurs param\u00e8tres seront suivis de pr\u00e8s dans les jours et semaines \u00e0 venir par les acteurs \u00e9conomiques et financiers.<\/p>\n\n\n\n<p>Le premier concerne la continuit\u00e9 des activit\u00e9s dans les secteurs cl\u00e9s, en particulier l\u2019or. La d\u00e9pendance du pays \u00e0 ses exportations aurif\u00e8res fait que toute perturbation de la production ou de la logistique autour des sites miniers se r\u00e9percute au-del\u00e0 du seul secteur extractif.<\/p>\n\n\n\n<p>La circulation des biens et des personnes constitue un autre point d\u2019attention. Les attaques ont vis\u00e9 des zones proches de la capitale, mais aussi des villes situ\u00e9es sur des axes strat\u00e9giques. Or, l\u2019\u00e9conomie malienne repose en grande partie sur ces flux, qu\u2019il s\u2019agisse de l\u2019acheminement du carburant, des intrants agricoles ou des exportations. Des perturbations prolong\u00e9es sur ces corridors peuvent compliquer l\u2019atteinte des objectifs agricoles.<\/p>\n\n\n\n<p>Par ailleurs, la capacit\u00e9 des autorit\u00e9s maliennes \u00e0 pr\u00e9server la confiance des investisseurs sera un \u00e9l\u00e9ment important alors que le pays a engag\u00e9 ces derniers mois des efforts pour contenir le d\u00e9ficit dans les normes de l\u2019UEMOA et cherche \u00e0 lever 2,6 milliards&nbsp;$ sur le march\u00e9 r\u00e9gional pour financer son budget en 2026.<\/p>\n\n\n\n<p><strong><em>Louis-Nino Kansoun<\/em><\/strong><\/p>\n","protected":false},"excerpt":{"rendered":"<p>(Agence Ecofin) &#8211; Pays sah\u00e9lien enclav\u00e9, le Mali s\u2019appuie sur les mati\u00e8res premi\u00e8res pour soutenir son \u00e9conomie et attirer des financements. Mais cette trajectoire reste r\u00e9guli\u00e8rement expos\u00e9e \u00e0 des \u00e9pisodes d\u2019ins\u00e9curit\u00e9, qui continuent de peser sur l\u2019activit\u00e9 et la perception du risque. Au Mali, des attaques coordonn\u00e9es ont vis\u00e9 samedi 25 avril 2026 la capitale [&hellip;]<\/p>\n","protected":false},"author":2,"featured_media":64873,"comment_status":"open","ping_status":"open","sticky":false,"template":"","format":"standard","meta":{"footnotes":""},"categories":[1447],"tags":[],"class_list":["post-64872","post","type-post","status-publish","format-standard","has-post-thumbnail","hentry","category-afrique"],"_links":{"self":[{"href":"https:\/\/lestracesdelinfo.com\/index.php\/wp-json\/wp\/v2\/posts\/64872","targetHints":{"allow":["GET"]}}],"collection":[{"href":"https:\/\/lestracesdelinfo.com\/index.php\/wp-json\/wp\/v2\/posts"}],"about":[{"href":"https:\/\/lestracesdelinfo.com\/index.php\/wp-json\/wp\/v2\/types\/post"}],"author":[{"embeddable":true,"href":"https:\/\/lestracesdelinfo.com\/index.php\/wp-json\/wp\/v2\/users\/2"}],"replies":[{"embeddable":true,"href":"https:\/\/lestracesdelinfo.com\/index.php\/wp-json\/wp\/v2\/comments?post=64872"}],"version-history":[{"count":1,"href":"https:\/\/lestracesdelinfo.com\/index.php\/wp-json\/wp\/v2\/posts\/64872\/revisions"}],"predecessor-version":[{"id":64874,"href":"https:\/\/lestracesdelinfo.com\/index.php\/wp-json\/wp\/v2\/posts\/64872\/revisions\/64874"}],"wp:featuredmedia":[{"embeddable":true,"href":"https:\/\/lestracesdelinfo.com\/index.php\/wp-json\/wp\/v2\/media\/64873"}],"wp:attachment":[{"href":"https:\/\/lestracesdelinfo.com\/index.php\/wp-json\/wp\/v2\/media?parent=64872"}],"wp:term":[{"taxonomy":"category","embeddable":true,"href":"https:\/\/lestracesdelinfo.com\/index.php\/wp-json\/wp\/v2\/categories?post=64872"},{"taxonomy":"post_tag","embeddable":true,"href":"https:\/\/lestracesdelinfo.com\/index.php\/wp-json\/wp\/v2\/tags?post=64872"}],"curies":[{"name":"wp","href":"https:\/\/api.w.org\/{rel}","templated":true}]}}