{"id":65676,"date":"2026-09-01T09:26:06","date_gmt":"2026-09-01T09:26:06","guid":{"rendered":"https:\/\/lestracesdelinfo.com\/?p=65676"},"modified":"2026-09-01T09:26:08","modified_gmt":"2026-09-01T09:26:08","slug":"niger-trois-soldats-loyalistes-inhumes-apres-la-mutinerie","status":"publish","type":"post","link":"https:\/\/lestracesdelinfo.com\/index.php\/2026\/09\/01\/niger-trois-soldats-loyalistes-inhumes-apres-la-mutinerie\/","title":{"rendered":"Niger : trois soldats loyalistes inhum\u00e9s apr\u00e8s la mutinerie"},"content":{"rendered":"\n<p class=\"wp-block-paragraph\"><img loading=\"lazy\" decoding=\"async\" width=\"32\" height=\"32\" srcset=\"https:\/\/fr.apanews.net\/wp-content\/uploads\/sites\/2\/2023\/09\/APA-Ico-48x48.png 48w, https:\/\/fr.apanews.net\/wp-content\/uploads\/sites\/2\/2023\/09\/APA-Ico-300x300.png 300w, https:\/\/fr.apanews.net\/wp-content\/uploads\/sites\/2\/2023\/09\/APA-Ico-150x150.png 150w, https:\/\/fr.apanews.net\/wp-content\/uploads\/sites\/2\/2023\/09\/APA-Ico-70x70.png 70w, https:\/\/fr.apanews.net\/wp-content\/uploads\/sites\/2\/2023\/09\/APA-Ico-450x450.png 450w, https:\/\/fr.apanews.net\/wp-content\/uploads\/sites\/2\/2023\/09\/APA-Ico-24x24.png 24w, https:\/\/fr.apanews.net\/wp-content\/uploads\/sites\/2\/2023\/09\/APA-Ico-96x96.png 96w, https:\/\/fr.apanews.net\/wp-content\/uploads\/sites\/2\/2023\/09\/APA-Ico.png 512w\" src=\"https:\/\/fr.apanews.net\/wp-content\/uploads\/sites\/2\/2023\/09\/APA-Ico-48x48.png\" alt=\"APA-Niamey (Niger)\"><a>APA-Niamey (Nige<\/a>r<\/p>\n\n\n\n<figure class=\"wp-block-image is-resized\"><img decoding=\"async\" src=\"https:\/\/fr.apanews.net\/wp-content\/uploads\/sites\/2\/2026\/08\/XX-NW-HDL-NIGER-9H-HUTT-SIERRA-Peter--1024x575.jpg\" alt=\"\" style=\"aspect-ratio:1.5286259541984732;width:801px;height:auto\" title=\"Niger : trois soldats loyalistes inhum\u00e9s apr\u00e8s la mutinerie\"\/><\/figure>\n\n\n\n<p class=\"wp-block-paragraph\"><a href=\"https:\/\/www.facebook.com\/sharer.php?u=https%3A%2F%2Ffr.apanews.net%2Fnews%2Fniger-trois-soldats-loyalistes-inhumes-apres-la-mutinerie%2F\" target=\"_blank\" rel=\"noopener\"><\/a><a href=\"https:\/\/twitter.com\/intent\/tweet?url=https%3A%2F%2Ffr.apanews.net%2Fnews%2Fniger-trois-soldats-loyalistes-inhumes-apres-la-mutinerie%2F&amp;text=Niger%20%3A%20trois%20soldats%20loyalistes%20inhum%C3%A9s%20apr%C3%A8s%20la%20mutinerie\" target=\"_blank\" rel=\"noopener\"><\/a><a href=\"https:\/\/wa.me\/?text=Niger%20%3A%20trois%20soldats%20loyalistes%20inhum%C3%A9s%20apr%C3%A8s%20la%20mutinerie%20https%3A%2F%2Ffr.apanews.net%2Fnews%2Fniger-trois-soldats-loyalistes-inhumes-apres-la-mutinerie%2F\" target=\"_blank\" rel=\"noopener\"><\/a><a href=\"mailto:?subject=Niger%20%3A%20trois%20soldats%20loyalistes%20inhum%C3%A9s%20apr%C3%A8s%20la%20mutinerie&amp;body=https%3A%2F%2Ffr.apanews.net%2Fnews%2Fniger-trois-soldats-loyalistes-inhumes-apres-la-mutinerie%2F\" target=\"_blank\" rel=\"noopener\"><\/a><a href=\"https:\/\/www.linkedin.com\/shareArticle?mini=true&amp;url=https%3A%2F%2Ffr.apanews.net%2Fnews%2Fniger-trois-soldats-loyalistes-inhumes-apres-la-mutinerie%2F\" target=\"_blank\" rel=\"noopener\"><\/a><a href=\"https:\/\/t.me\/share\/url?url=https%3A%2F%2Ffr.apanews.net%2Fnews%2Fniger-trois-soldats-loyalistes-inhumes-apres-la-mutinerie%2F&amp;title=Niger%20%3A%20trois%20soldats%20loyalistes%20inhum%C3%A9s%20apr%C3%A8s%20la%20mutinerie\" target=\"_blank\" rel=\"noopener\"><\/a><strong>Les obs\u00e8ques officielles de trois \u00e9l\u00e9ments de la Garde pr\u00e9sidentielle, d\u00e9c\u00e9d\u00e9s lors des \u00e9v\u00e9nements survenus dans la nuit du 28 au 29 ao\u00fbt \u00e0 Niamey, sont pr\u00e9vues lundi \u00e0 la Base militaire 101, alors que les autorit\u00e9s nig\u00e9riennes et la Conf\u00e9d\u00e9ration des \u00c9tats du Sahel (AES) qualifient d\u00e9sormais ces \u00e9v\u00e9nements de tentative de d\u00e9stabilisation.<\/strong><\/p>\n\n\n\n<p class=\"wp-block-paragraph\">Les obs\u00e8ques officielles de trois \u00e9l\u00e9ments de la Garde pr\u00e9sidentielle d\u00e9c\u00e9d\u00e9s r\u00e9cemment sont pr\u00e9vues lundi \u00e0 la Base militaire 101 de Niamey, selon un projet de programme \u00e9tabli par la Direction du protocole d\u2019\u00c9tat du minist\u00e8re nig\u00e9rien des Affaires \u00e9trang\u00e8res, de la Coop\u00e9ration et des Nig\u00e9riens \u00e0 l\u2019ext\u00e9rieur.<\/p>\n\n\n\n<p class=\"wp-block-paragraph\">Les d\u00e9funts sont l\u2019adjudant Illo Maihatchi, les 2e classes Yahya Idrissa Zamnaou et Ousmane Haboul\u00e9 Hamissou.<\/p>\n\n\n\n<p class=\"wp-block-paragraph\">La c\u00e9r\u00e9monie, pr\u00e9vue \u00e0 16h30 \u00e0 la Base militaire 101, sera marqu\u00e9e par une oraison fun\u00e8bre, des pri\u00e8res, la d\u00e9coration \u00e0 titre posthume des trois militaires par le Premier ministre, suivies d\u2019un recueillement et de la pr\u00e9sentation des condol\u00e9ances aux familles en pr\u00e9sence des autorit\u00e9s. L\u2019inhumation est pr\u00e9vue \u00e0 17h20.<\/p>\n\n\n\n<p class=\"wp-block-paragraph\">Ces obs\u00e8ques interviennent deux jours apr\u00e8s des \u00e9v\u00e9nements ayant secou\u00e9 Niamey dans la nuit du 28 au 29 ao\u00fbt, marqu\u00e9s par des tirs contre plusieurs sites sensibles de la capitale.<\/p>\n\n\n\n<p class=\"wp-block-paragraph\">Dans une premi\u00e8re communication, le minist\u00e8re nig\u00e9rien de la D\u00e9fense avait \u00e9voqu\u00e9 un \u00ab&nbsp;<em>mouvement d\u2019humeur<\/em>&nbsp;\u00bb impliquant des militaires et indiqu\u00e9 que la prompte r\u00e9action des Forces de d\u00e9fense et de s\u00e9curit\u00e9 avait permis de circonscrire la situation et de reprendre progressivement le contr\u00f4le des sites concern\u00e9s.<\/p>\n\n\n\n<p class=\"wp-block-paragraph\">La Conf\u00e9d\u00e9ration des \u00c9tats du Sahel (AES) a ensuite qualifi\u00e9 les \u00e9v\u00e9nements d\u2019\u00ab&nbsp;<em>entreprise de d\u00e9stabilisation<\/em>&nbsp;\u00bb men\u00e9e par un groupe de militaires.<\/p>\n\n\n\n<p class=\"wp-block-paragraph\">Selon l\u2019AES, cette tentative avait notamment cibl\u00e9 la Base a\u00e9rienne 101 et plusieurs autres sites sensibles de Niamey avant d\u2019\u00eatre \u00ab<em>&nbsp;contenue et mise en \u00e9chec<\/em>&nbsp;\u00bb par les forces rest\u00e9es loyales aux institutions.<\/p>\n\n\n\n<p class=\"wp-block-paragraph\">La t\u00e9l\u00e9vision publique T\u00e9l\u00e9 Sahel a rapport\u00e9 que les \u00e9v\u00e9nements avaient d\u00e9but\u00e9 vers 00h20, avec des attaques men\u00e9es dans plusieurs secteurs de la capitale par des militaires \u00ab&nbsp;<em>en rupture avec le r\u00e8glement militaire<\/em>&nbsp;\u00bb.<\/p>\n\n\n\n<p class=\"wp-block-paragraph\">Des militaires auraient notamment pris position dans la caserne de la Base 101, o\u00f9 certains de leurs camarades auraient \u00e9t\u00e9 s\u00e9questr\u00e9s, avant l\u2019intervention des Forces de d\u00e9fense et de s\u00e9curit\u00e9 pour circonscrire le mouvement et reprendre le contr\u00f4le des sites concern\u00e9s.<\/p>\n\n\n\n<p class=\"wp-block-paragraph\">L\u2019AES a salu\u00e9 la \u00ab<em>&nbsp;loyaut\u00e9, le courage et le sens du devoir<\/em>&nbsp;\u00bb des forces ayant permis, selon elle, de r\u00e9tablir l\u2019ordre, tout en r\u00e9affirmant son soutien aux institutions nig\u00e9riennes.<\/p>\n\n\n\n<p class=\"wp-block-paragraph\">La Conf\u00e9d\u00e9ration a \u00e9galement appel\u00e9 les populations du Niger, du Burkina Faso et du Mali \u00e0 la vigilance face aux campagnes de d\u00e9sinformation, aux manipulations de l\u2019opinion et aux tentatives de division.<\/p>\n\n\n\n<p class=\"wp-block-paragraph\">Les autorit\u00e9s n\u2019ont toutefois pas encore communiqu\u00e9 de bilan d\u00e9taill\u00e9 des affrontements ni pr\u00e9cis\u00e9 le nombre exact de militaires impliqu\u00e9s dans cette tentative de d\u00e9stabilisation.<\/p>\n\n\n\n<p class=\"wp-block-paragraph\">Le projet de programme des obs\u00e8ques ne d\u00e9taille pas, pour sa part, les circonstances pr\u00e9cises dans lesquelles les trois \u00e9l\u00e9ments de la Garde pr\u00e9sidentielle ont trouv\u00e9 la mort.<\/p>\n\n\n\n<p class=\"wp-block-paragraph\"><strong>AC\/Sf\/APA<\/strong><\/p>\n","protected":false},"excerpt":{"rendered":"<p>APA-Niamey (Niger Les obs\u00e8ques officielles de trois \u00e9l\u00e9ments de la Garde pr\u00e9sidentielle, d\u00e9c\u00e9d\u00e9s lors des \u00e9v\u00e9nements survenus dans la nuit du 28 au 29 ao\u00fbt \u00e0 Niamey, sont pr\u00e9vues lundi \u00e0 la Base militaire 101, alors que les autorit\u00e9s nig\u00e9riennes et la Conf\u00e9d\u00e9ration des \u00c9tats du Sahel (AES) qualifient d\u00e9sormais ces \u00e9v\u00e9nements de tentative de [&hellip;]<\/p>\n","protected":false},"author":2,"featured_media":65677,"comment_status":"open","ping_status":"open","sticky":false,"template":"","format":"standard","meta":{"footnotes":""},"categories":[1447],"tags":[],"class_list":["post-65676","post","type-post","status-publish","format-standard","has-post-thumbnail","hentry","category-afrique"],"_links":{"self":[{"href":"https:\/\/lestracesdelinfo.com\/index.php\/wp-json\/wp\/v2\/posts\/65676","targetHints":{"allow":["GET"]}}],"collection":[{"href":"https:\/\/lestracesdelinfo.com\/index.php\/wp-json\/wp\/v2\/posts"}],"about":[{"href":"https:\/\/lestracesdelinfo.com\/index.php\/wp-json\/wp\/v2\/types\/post"}],"author":[{"embeddable":true,"href":"https:\/\/lestracesdelinfo.com\/index.php\/wp-json\/wp\/v2\/users\/2"}],"replies":[{"embeddable":true,"href":"https:\/\/lestracesdelinfo.com\/index.php\/wp-json\/wp\/v2\/comments?post=65676"}],"version-history":[{"count":1,"href":"https:\/\/lestracesdelinfo.com\/index.php\/wp-json\/wp\/v2\/posts\/65676\/revisions"}],"predecessor-version":[{"id":65678,"href":"https:\/\/lestracesdelinfo.com\/index.php\/wp-json\/wp\/v2\/posts\/65676\/revisions\/65678"}],"wp:featuredmedia":[{"embeddable":true,"href":"https:\/\/lestracesdelinfo.com\/index.php\/wp-json\/wp\/v2\/media\/65677"}],"wp:attachment":[{"href":"https:\/\/lestracesdelinfo.com\/index.php\/wp-json\/wp\/v2\/media?parent=65676"}],"wp:term":[{"taxonomy":"category","embeddable":true,"href":"https:\/\/lestracesdelinfo.com\/index.php\/wp-json\/wp\/v2\/categories?post=65676"},{"taxonomy":"post_tag","embeddable":true,"href":"https:\/\/lestracesdelinfo.com\/index.php\/wp-json\/wp\/v2\/tags?post=65676"}],"curies":[{"name":"wp","href":"https:\/\/api.w.org\/{rel}","templated":true}]}}