{"id":65691,"date":"2026-09-06T12:26:40","date_gmt":"2026-09-06T12:26:40","guid":{"rendered":"https:\/\/lestracesdelinfo.com\/?p=65691"},"modified":"2026-09-06T12:26:43","modified_gmt":"2026-09-06T12:26:43","slug":"guinee-algassimou-diallo-transfere-a-la-prison-de-macenta","status":"publish","type":"post","link":"https:\/\/lestracesdelinfo.com\/index.php\/2026\/09\/06\/guinee-algassimou-diallo-transfere-a-la-prison-de-macenta\/","title":{"rendered":"Guin\u00e9e : Algassimou Diallo transf\u00e9r\u00e9 \u00e0 la prison de Macenta"},"content":{"rendered":"\n<p class=\"wp-block-paragraph\"><img loading=\"lazy\" decoding=\"async\" width=\"32\" height=\"32\" srcset=\"https:\/\/fr.apanews.net\/wp-content\/uploads\/sites\/2\/2023\/09\/APA-Ico-48x48.png 48w, https:\/\/fr.apanews.net\/wp-content\/uploads\/sites\/2\/2023\/09\/APA-Ico-300x300.png 300w, https:\/\/fr.apanews.net\/wp-content\/uploads\/sites\/2\/2023\/09\/APA-Ico-150x150.png 150w, https:\/\/fr.apanews.net\/wp-content\/uploads\/sites\/2\/2023\/09\/APA-Ico-70x70.png 70w, https:\/\/fr.apanews.net\/wp-content\/uploads\/sites\/2\/2023\/09\/APA-Ico-450x450.png 450w, https:\/\/fr.apanews.net\/wp-content\/uploads\/sites\/2\/2023\/09\/APA-Ico-24x24.png 24w, https:\/\/fr.apanews.net\/wp-content\/uploads\/sites\/2\/2023\/09\/APA-Ico-96x96.png 96w, https:\/\/fr.apanews.net\/wp-content\/uploads\/sites\/2\/2023\/09\/APA-Ico.png 512w\" src=\"https:\/\/fr.apanews.net\/wp-content\/uploads\/sites\/2\/2023\/09\/APA-Ico-48x48.png\" alt=\"APA- Conakry (Guin\u00e9e)\"><a>APA- Conakry (Guin\u00e9e)<\/a><\/p>\n\n\n\n<figure class=\"wp-block-image is-resized\"><img decoding=\"async\" src=\"https:\/\/fr.apanews.net\/wp-content\/uploads\/sites\/2\/2026\/09\/1787169469514.jpg\" alt=\"\" style=\"aspect-ratio:1.5286259541984732;width:801px;height:auto\" title=\"Guin\u00e9e : Algassimou Diallo transf\u00e9r\u00e9 \u00e0 la prison de Macenta\"\/><\/figure>\n\n\n\n<p class=\"wp-block-paragraph\"><a href=\"https:\/\/www.facebook.com\/sharer.php?u=https%3A%2F%2Ffr.apanews.net%2Fnews%2Fguinee-algassimou-diallo-transfere-a-la-prison-de-macenta%2F\" target=\"_blank\" rel=\"noopener\"><\/a><a href=\"https:\/\/twitter.com\/intent\/tweet?url=https%3A%2F%2Ffr.apanews.net%2Fnews%2Fguinee-algassimou-diallo-transfere-a-la-prison-de-macenta%2F&amp;text=Guin%C3%A9e%20%3A%20Algassimou%20Diallo%20transf%C3%A9r%C3%A9%20%C3%A0%20la%20prison%20de%20Macenta\" target=\"_blank\" rel=\"noopener\"><\/a><a href=\"https:\/\/wa.me\/?text=Guin%C3%A9e%20%3A%20Algassimou%20Diallo%20transf%C3%A9r%C3%A9%20%C3%A0%20la%20prison%20de%20Macenta%20https%3A%2F%2Ffr.apanews.net%2Fnews%2Fguinee-algassimou-diallo-transfere-a-la-prison-de-macenta%2F\" target=\"_blank\" rel=\"noopener\"><\/a><a href=\"mailto:?subject=Guin%C3%A9e%20%3A%20Algassimou%20Diallo%20transf%C3%A9r%C3%A9%20%C3%A0%20la%20prison%20de%20Macenta&amp;body=https%3A%2F%2Ffr.apanews.net%2Fnews%2Fguinee-algassimou-diallo-transfere-a-la-prison-de-macenta%2F\" target=\"_blank\" rel=\"noopener\"><\/a><a href=\"https:\/\/www.linkedin.com\/shareArticle?mini=true&amp;url=https%3A%2F%2Ffr.apanews.net%2Fnews%2Fguinee-algassimou-diallo-transfere-a-la-prison-de-macenta%2F\" target=\"_blank\" rel=\"noopener\"><\/a><a href=\"https:\/\/t.me\/share\/url?url=https%3A%2F%2Ffr.apanews.net%2Fnews%2Fguinee-algassimou-diallo-transfere-a-la-prison-de-macenta%2F&amp;title=Guin%C3%A9e%20%3A%20Algassimou%20Diallo%20transf%C3%A9r%C3%A9%20%C3%A0%20la%20prison%20de%20Macenta\" target=\"_blank\" rel=\"noopener\"><\/a><strong>L\u2019ancien avocat g\u00e9n\u00e9ral pr\u00e8s la Cour supr\u00eame, Algassimou Diallo, inculp\u00e9 et plac\u00e9 sous mandat de d\u00e9p\u00f4t le 27 ao\u00fbt dernier, a \u00e9t\u00e9 transf\u00e9r\u00e9 de la Maison d\u2019arr\u00eat et de correction de Coyah \u00e0 celle de Macenta, a annonc\u00e9 dimanche la Direction nationale de l\u2019Administration p\u00e9nitentiaire et de la r\u00e9insertion.<\/strong><\/p>\n\n\n\n<p class=\"wp-block-paragraph\">Selon un communiqu\u00e9 du minist\u00e8re guin\u00e9en de la Justice et des Droits de l\u2019Homme, le transfert de l\u2019ancien avocat g\u00e9n\u00e9ral Alghassimou Diallo, effectu\u00e9 le 5 septembre dans le cadre de la gestion administrative des \u00e9tablissements p\u00e9nitentiaires, ne modifie pas le statut judiciaire de l\u2019int\u00e9ress\u00e9, qui demeure d\u00e9tenu en ex\u00e9cution du mandat de d\u00e9p\u00f4t d\u00e9livr\u00e9 \u00e0 son encontre.<\/p>\n\n\n\n<p class=\"wp-block-paragraph\">Algassimou Diallo avait \u00e9t\u00e9 inculp\u00e9 pour des faits de \u00ab&nbsp;<em>provocation \u00e0 la discrimination, \u00e0 la haine ou \u00e0 la violence, de discrimination et de participation \u00e0 une association de malfaiteurs \u00bb<\/em>&nbsp;par le pr\u00e9sident de la Premi\u00e8re Chambre p\u00e9nale de la Cour supr\u00eame.<\/p>\n\n\n\n<p class=\"wp-block-paragraph\">Il avait initialement \u00e9t\u00e9 \u00e9crou\u00e9 \u00e0 la Maison d\u2019arr\u00eat et de correction de Coyah avant son transfert \u00e0 Macenta.<\/p>\n\n\n\n<p class=\"wp-block-paragraph\">Cette nouvelle mesure intervient apr\u00e8s une proc\u00e9dure disciplinaire ayant conduit \u00e0 la r\u00e9vocation de l\u2019int\u00e9ress\u00e9 du corps de la magistrature.<\/p>\n\n\n\n<p class=\"wp-block-paragraph\">Suspendu le 18 ao\u00fbt par le ministre de la Justice pour \u00ab&nbsp;<em>manquement \u00e0 ses obligations statutaires&nbsp;<\/em>\u00bb, Algassimou Diallo avait \u00e9t\u00e9 r\u00e9voqu\u00e9 par le Conseil sup\u00e9rieur de la magistrature (CSM), saisi par le Garde des Sceaux.<\/p>\n\n\n\n<p class=\"wp-block-paragraph\">R\u00e9uni en formation disciplinaire \u00e0 huis clos, le CSM avait estim\u00e9 que les faits reproch\u00e9s au magistrat \u00e9taient \u00e9tablis et constituaient \u00ab&nbsp;<em>des manquements graves aux devoirs de son \u00e9tat, \u00e0 l\u2019honneur, \u00e0 la d\u00e9licatesse et \u00e0 la dignit\u00e9 de la profession de magistrat<\/em>&nbsp;\u00bb.<\/p>\n\n\n\n<p class=\"wp-block-paragraph\"><strong>Une figure du proc\u00e8s du 28 septembre 2009<\/strong><\/p>\n\n\n\n<p class=\"wp-block-paragraph\">Algassimou Diallo s\u2019\u00e9tait notamment fait conna\u00eetre pour son r\u00f4le dans le proc\u00e8s du massacre du 28 septembre 2009.<\/p>\n\n\n\n<p class=\"wp-block-paragraph\">Nomm\u00e9 procureur de la R\u00e9publique pr\u00e8s le Tribunal de premi\u00e8re instance de Dixinn en d\u00e9cembre 2021, il avait conduit les poursuites contre l\u2019ancien chef de la junte Moussa Dadis Camara et plusieurs anciens responsables du Conseil national pour la d\u00e9mocratie et le d\u00e9veloppement (CNDD).<\/p>\n\n\n\n<p class=\"wp-block-paragraph\">Son parcours l\u2019avait ensuite conduit \u00e0 la t\u00eate du parquet g\u00e9n\u00e9ral pr\u00e8s la Cour d\u2019appel de Kankan, avant sa nomination comme avocat g\u00e9n\u00e9ral pr\u00e8s la Cour supr\u00eame.<\/p>\n\n\n\n<p class=\"wp-block-paragraph\">Selon les \u00e9l\u00e9ments rappel\u00e9s dans la proc\u00e9dure disciplinaire, le ministre de la Justice avait notamment \u00e9voqu\u00e9 des \u00e9changes audio avec l\u2019opposant Cellou Dalein Diallo parmi les faits reproch\u00e9s \u00e0 l\u2019ancien magistrat. Une interdiction de sortie du territoire avait \u00e9galement \u00e9t\u00e9 prise \u00e0 son encontre dans le cadre de cette affaire.<\/p>\n\n\n\n<p class=\"wp-block-paragraph\"><strong>AC\/Sf\/APA<\/strong><\/p>\n","protected":false},"excerpt":{"rendered":"<p>APA- Conakry (Guin\u00e9e) L\u2019ancien avocat g\u00e9n\u00e9ral pr\u00e8s la Cour supr\u00eame, Algassimou Diallo, inculp\u00e9 et plac\u00e9 sous mandat de d\u00e9p\u00f4t le 27 ao\u00fbt dernier, a \u00e9t\u00e9 transf\u00e9r\u00e9 de la Maison d\u2019arr\u00eat et de correction de Coyah \u00e0 celle de Macenta, a annonc\u00e9 dimanche la Direction nationale de l\u2019Administration p\u00e9nitentiaire et de la r\u00e9insertion. Selon un communiqu\u00e9 [&hellip;]<\/p>\n","protected":false},"author":2,"featured_media":65692,"comment_status":"open","ping_status":"open","sticky":false,"template":"","format":"standard","meta":{"footnotes":""},"categories":[1447],"tags":[],"class_list":["post-65691","post","type-post","status-publish","format-standard","has-post-thumbnail","hentry","category-afrique"],"_links":{"self":[{"href":"https:\/\/lestracesdelinfo.com\/index.php\/wp-json\/wp\/v2\/posts\/65691","targetHints":{"allow":["GET"]}}],"collection":[{"href":"https:\/\/lestracesdelinfo.com\/index.php\/wp-json\/wp\/v2\/posts"}],"about":[{"href":"https:\/\/lestracesdelinfo.com\/index.php\/wp-json\/wp\/v2\/types\/post"}],"author":[{"embeddable":true,"href":"https:\/\/lestracesdelinfo.com\/index.php\/wp-json\/wp\/v2\/users\/2"}],"replies":[{"embeddable":true,"href":"https:\/\/lestracesdelinfo.com\/index.php\/wp-json\/wp\/v2\/comments?post=65691"}],"version-history":[{"count":1,"href":"https:\/\/lestracesdelinfo.com\/index.php\/wp-json\/wp\/v2\/posts\/65691\/revisions"}],"predecessor-version":[{"id":65693,"href":"https:\/\/lestracesdelinfo.com\/index.php\/wp-json\/wp\/v2\/posts\/65691\/revisions\/65693"}],"wp:featuredmedia":[{"embeddable":true,"href":"https:\/\/lestracesdelinfo.com\/index.php\/wp-json\/wp\/v2\/media\/65692"}],"wp:attachment":[{"href":"https:\/\/lestracesdelinfo.com\/index.php\/wp-json\/wp\/v2\/media?parent=65691"}],"wp:term":[{"taxonomy":"category","embeddable":true,"href":"https:\/\/lestracesdelinfo.com\/index.php\/wp-json\/wp\/v2\/categories?post=65691"},{"taxonomy":"post_tag","embeddable":true,"href":"https:\/\/lestracesdelinfo.com\/index.php\/wp-json\/wp\/v2\/tags?post=65691"}],"curies":[{"name":"wp","href":"https:\/\/api.w.org\/{rel}","templated":true}]}}